{"id":634302,"date":"2026-01-01T13:56:13","date_gmt":"2026-01-01T13:56:13","guid":{"rendered":"https:\/\/www.europesays.com\/fr\/634302\/"},"modified":"2026-01-01T13:56:13","modified_gmt":"2026-01-01T13:56:13","slug":"en-gironde-une-nuit-de-la-saint-sylvestre-sans-debordements-majeurs-malgre-quelques-feux-de-vehicules","status":"publish","type":"post","link":"https:\/\/www.europesays.com\/fr\/634302\/","title":{"rendered":"En Gironde, une nuit de la Saint-Sylvestre sans d\u00e9bordements majeurs, malgr\u00e9 quelques feux de v\u00e9hicules"},"content":{"rendered":"<p>        <img decoding=\"async\" id=\"27260214\" src=\"https:\/\/www.europesays.com\/fr\/wp-content\/uploads\/2026\/01\/1000070930.jpg\" alt=\"Ici dans le secteur de l\u2019avenue Thiers, \u00e0 Bordeaux.\" itemprop=\"contentURL\"\/><\/p>\n<p>    Ici dans le secteur de l\u2019avenue Thiers, \u00e0 Bordeaux.<\/p>\n<p>Nathalie Rabier<\/p>\n<p>Plus de 300 policiers, dont 120 CRS, \u00e9taient mobilis\u00e9s dans la m\u00e9tropole bordelaise pour la nuit du r\u00e9veillon. Trois drones, soit un par division, avaient \u00e9t\u00e9 d\u00e9ploy\u00e9s sur les quartiers consid\u00e9r\u00e9s comme \u00ab\u00a0\u00e0 risques\u00a0\u00bb pour les violences urbaines.<\/p>\n<p>        <img decoding=\"async\" id=\"27260309\" src=\"https:\/\/www.europesays.com\/fr\/wp-content\/uploads\/2026\/01\/20260101121024-fcot84931.jpg\" alt=\"Sur la rive droite de Bordeaux, les agents \u00e9taient \u00e0 pied d\u2019\u0153uvre d\u00e8s ce matin pour nettoyer.\" itemprop=\"contentURL\"\/><\/p>\n<p>    Sur la rive droite de Bordeaux, les agents \u00e9taient \u00e0 pied d\u2019\u0153uvre d\u00e8s ce matin pour nettoyer.<\/p>\n<p>Fabien Cottereau\u00a0\/\u00a0SO<\/p>\n<p>\u00c0 Bordeaux, des recherches ont \u00e9t\u00e9 engag\u00e9es par les pompiers et la police apr\u00e8s le signalement qu\u2019une personne aurait chut\u00e9 dans les bassins \u00e0 flot, dans la nuit. \u00ab\u00a0Selon des t\u00e9moignages, deux personnes se seraient mises \u00e0 l\u2019eau, l\u2019une serait ressortie, mais pas la deuxi\u00e8me. D\u00e8s l\u2019alerte donn\u00e9e, des recherches ont \u00e9t\u00e9 engag\u00e9es par les pompiers qui ont d\u00e9ploy\u00e9 des \u00e9quipes nautiques et cynophiles\u00a0\u00bb, pr\u00e9cise la pr\u00e9fecture. Ce jeudi matin, personne n\u2019avait \u00e9t\u00e9 retrouv\u00e9. Les recherches se poursuivent avec le concours de la brigade nautique de la gendarmerie.<\/p>\n","protected":false},"excerpt":{"rendered":"Ici dans le secteur de l\u2019avenue Thiers, \u00e0 Bordeaux. Nathalie Rabier Plus de 300 policiers, dont 120 CRS,&hellip;\n","protected":false},"author":2,"featured_media":634303,"comment_status":"","ping_status":"","sticky":false,"template":"","format":"standard","meta":{"footnotes":""},"categories":[2817],"tags":[1111,11,1997,1777,674,1011,27,12,2219,25],"class_list":{"0":"post-634302","1":"post","2":"type-post","3":"status-publish","4":"format-standard","5":"has-post-thumbnail","7":"category-bordeaux","8":"tag-actu","9":"tag-actualites","10":"tag-bordeaux","11":"tag-eu","12":"tag-europe","13":"tag-fr","14":"tag-france","15":"tag-news","16":"tag-nouvelle-aquitaine","17":"tag-republique-francaise"},"share_on_mastodon":{"url":"https:\/\/pubeurope.com\/@fr\/115820192422054541","error":""},"_links":{"self":[{"href":"https:\/\/www.europesays.com\/fr\/wp-json\/wp\/v2\/posts\/634302","targetHints":{"allow":["GET"]}}],"collection":[{"href":"https:\/\/www.europesays.com\/fr\/wp-json\/wp\/v2\/posts"}],"about":[{"href":"https:\/\/www.europesays.com\/fr\/wp-json\/wp\/v2\/types\/post"}],"author":[{"embeddable":true,"href":"https:\/\/www.europesays.com\/fr\/wp-json\/wp\/v2\/users\/2"}],"replies":[{"embeddable":true,"href":"https:\/\/www.europesays.com\/fr\/wp-json\/wp\/v2\/comments?post=634302"}],"version-history":[{"count":0,"href":"https:\/\/www.europesays.com\/fr\/wp-json\/wp\/v2\/posts\/634302\/revisions"}],"wp:featuredmedia":[{"embeddable":true,"href":"https:\/\/www.europesays.com\/fr\/wp-json\/wp\/v2\/media\/634303"}],"wp:attachment":[{"href":"https:\/\/www.europesays.com\/fr\/wp-json\/wp\/v2\/media?parent=634302"}],"wp:term":[{"taxonomy":"category","embeddable":true,"href":"https:\/\/www.europesays.com\/fr\/wp-json\/wp\/v2\/categories?post=634302"},{"taxonomy":"post_tag","embeddable":true,"href":"https:\/\/www.europesays.com\/fr\/wp-json\/wp\/v2\/tags?post=634302"}],"curies":[{"name":"wp","href":"https:\/\/api.w.org\/{rel}","templated":true}]}}