{"id":634304,"date":"2026-01-01T13:57:13","date_gmt":"2026-01-01T13:57:13","guid":{"rendered":"https:\/\/www.europesays.com\/fr\/634304\/"},"modified":"2026-01-01T13:57:13","modified_gmt":"2026-01-01T13:57:13","slug":"le-premier-bilan-des-festivites-du-nouvel-an-a-bordeaux","status":"publish","type":"post","link":"https:\/\/www.europesays.com\/fr\/634304\/","title":{"rendered":"le premier bilan des festivit\u00e9s du Nouvel An \u00e0 Bordeaux"},"content":{"rendered":"<p class=\"article__intro\">Une personne est toujours recherch\u00e9e apr\u00e8s s&rsquo;\u00eatre \u00e9chou\u00e9e dans la Garonne en marge des festivit\u00e9s de la Saint-Sylvestre \u00e0 Bordeaux, en Gironde. Le bilan de cette nuit fait aussi \u00e9tat de 37 voitures br\u00fbl\u00e9es, six individus plac\u00e9s en garde \u00e0 vue et deux policiers bless\u00e9s.<\/p>\n<p>\n      La Quotidienne Soci\u00e9t\u00e9\n    <\/p>\n<p>\n      De la vie quotidienne aux grands enjeux, recevez tous les jours les sujets qui font la soci\u00e9t\u00e9 locale, comme la justice, l\u2019\u00e9ducation, la sant\u00e9 et la famille.\n    <\/p>\n<p>    France T\u00e9l\u00e9visions utilise votre adresse e-mail afin de vous envoyer la newsletter \u00ab\u00a0La Quotidienne Soci\u00e9t\u00e9\u00a0\u00bb. Vous pouvez vous d\u00e9sinscrire \u00e0 tout moment via le lien en bas de cette newsletter. <a target=\"_blank\" href=\"https:\/\/www.francetelevisions.fr\/groupe\/confidentialite\/politique-de-confidentialite\/politique-de-confidentialite-de-france-televisions-6503\" rel=\"noopener\">Notre politique de confidentialit\u00e9<\/a><\/p>\n<p>En marge des festivit\u00e9s du passage \u00e0 la nouvelle ann\u00e9e 2026, quelques incidents, dont un tr\u00e8s alarmant, ont \u00e9t\u00e9 relev\u00e9s dans Bordeaux et sa m\u00e9tropole. Un individu est toujours recherch\u00e9 apr\u00e8s \u00ab\u00a0une chute accidentelle\u00a0\u00bb dans la Garonne, dans le quartier des Bassins \u00e0 Flot \u00e0 Bordeaux, nous indique la permanence de police. \u00ab\u00a0Les \u00e9quipes cynophiles et les plongeurs du Service d\u00e9partemental d&rsquo;incendie et de secours (SDIS) sont sur place\u00a0\u00bb pour tenter de le retrouver, corrobore la pr\u00e9fecture de la Gironde. Des t\u00e9moins ont donn\u00e9 l&rsquo;alerte vers 2h30 du matin apr\u00e8s avoir vu deux personnes tomber \u00e0 l&rsquo;eau, dont l&rsquo;une qui s&rsquo;en est sortie indemne.<\/p>\n<p><a data-article-figure=\"\" href=\"https:\/\/france3-regions.franceinfo.fr\/image\/TMqIs73lCFWhsdQa9wJh1kAp-K0\/1920x1080\/regions\/2021\/09\/09\/6139fcd0c1110_s-bassins-a-flots-n1-quartier-qui-ach-ve-sa-mue-00-00-03-08.jpg\" data-pswp-width=\"1920\" data-pswp-height=\"1080\" target=\"_blank\" rel=\"noopener\"><\/p>\n<p>          <img width=\"600\" height=\"400\" class=\"article-image lazy\" data-src=\"https:\/\/www.europesays.com\/fr\/wp-content\/uploads\/2026\/01\/6139fcd0c1110_s-bassins-a-flots-n1-quartier-qui-ach-ve-sa-mue-00-00-03-08.jpg\" alt=\"Vue a\u00e9rienne du quartier des Bassins \u00e0 flots\" fetchpriority=\"high\" as=\"image\"\/><\/p>\n<p>\n            Vue a\u00e9rienne du quartier des Bassins \u00e0 flots<br \/>\n                           \u2022<br \/>\n                                      \u00a9 France 3 Aquitaine\n                      <\/p>\n<p><\/a><\/p>\n<p>Ce premier bilan, \u00e9tabli \u00e0 5 heures du matin ce jeudi 1er janvier, fait aussi \u00e9tat de \u00ab\u00a037 v\u00e9hicules br\u00fbl\u00e9s, six individus plac\u00e9s en garde \u00e0 vue et deux policiers bless\u00e9s\u00a0\u00bb, pr\u00e9cise la police. L&rsquo;un a \u00e9t\u00e9 bless\u00e9 aux cervicales par un tir de mortier tandis que l&rsquo;autre a subi un jet de projectile au mollet. <br \/>Les deux accidents ont eu lieu \u00e0 Cenon, dans la m\u00e9tropole bordelaise, o\u00f9 des heurts ont \u00e9clat\u00e9 entre les forces de l&rsquo;ordre et des groupes de f\u00eatards.<\/p>\n<p>La majorit\u00e9 des faits se sont concentr\u00e9s \u00ab\u00a0entre 22 heures et 2 heures du matin\u00a0\u00bb.<\/p>\n","protected":false},"excerpt":{"rendered":"Une personne est toujours recherch\u00e9e apr\u00e8s s&rsquo;\u00eatre \u00e9chou\u00e9e dans la Garonne en marge des festivit\u00e9s de la Saint-Sylvestre&hellip;\n","protected":false},"author":2,"featured_media":634305,"comment_status":"","ping_status":"","sticky":false,"template":"","format":"standard","meta":{"footnotes":""},"categories":[2817],"tags":[1111,11,1997,1777,674,1011,27,12,2219,25],"class_list":{"0":"post-634304","1":"post","2":"type-post","3":"status-publish","4":"format-standard","5":"has-post-thumbnail","7":"category-bordeaux","8":"tag-actu","9":"tag-actualites","10":"tag-bordeaux","11":"tag-eu","12":"tag-europe","13":"tag-fr","14":"tag-france","15":"tag-news","16":"tag-nouvelle-aquitaine","17":"tag-republique-francaise"},"share_on_mastodon":{"url":"https:\/\/pubeurope.com\/@fr\/115820196425300707","error":""},"_links":{"self":[{"href":"https:\/\/www.europesays.com\/fr\/wp-json\/wp\/v2\/posts\/634304","targetHints":{"allow":["GET"]}}],"collection":[{"href":"https:\/\/www.europesays.com\/fr\/wp-json\/wp\/v2\/posts"}],"about":[{"href":"https:\/\/www.europesays.com\/fr\/wp-json\/wp\/v2\/types\/post"}],"author":[{"embeddable":true,"href":"https:\/\/www.europesays.com\/fr\/wp-json\/wp\/v2\/users\/2"}],"replies":[{"embeddable":true,"href":"https:\/\/www.europesays.com\/fr\/wp-json\/wp\/v2\/comments?post=634304"}],"version-history":[{"count":0,"href":"https:\/\/www.europesays.com\/fr\/wp-json\/wp\/v2\/posts\/634304\/revisions"}],"wp:featuredmedia":[{"embeddable":true,"href":"https:\/\/www.europesays.com\/fr\/wp-json\/wp\/v2\/media\/634305"}],"wp:attachment":[{"href":"https:\/\/www.europesays.com\/fr\/wp-json\/wp\/v2\/media?parent=634304"}],"wp:term":[{"taxonomy":"category","embeddable":true,"href":"https:\/\/www.europesays.com\/fr\/wp-json\/wp\/v2\/categories?post=634304"},{"taxonomy":"post_tag","embeddable":true,"href":"https:\/\/www.europesays.com\/fr\/wp-json\/wp\/v2\/tags?post=634304"}],"curies":[{"name":"wp","href":"https:\/\/api.w.org\/{rel}","templated":true}]}}