{"id":634306,"date":"2026-01-01T13:58:14","date_gmt":"2026-01-01T13:58:14","guid":{"rendered":"https:\/\/www.europesays.com\/fr\/634306\/"},"modified":"2026-01-01T13:58:14","modified_gmt":"2026-01-01T13:58:14","slug":"incendies-dans-des-restaurants-il-ny-a-plus-rien-un-decembre-noir-en-haute-garonne","status":"publish","type":"post","link":"https:\/\/www.europesays.com\/fr\/634306\/","title":{"rendered":"Incendies dans des restaurants\u00a0: \u00ab\u00a0Il n\u2019y a plus rien\u2026\u00a0\u00bb un d\u00e9cembre noir en Haute-Garonne"},"content":{"rendered":"<p>\n                                                                    l&rsquo;essentiel<br \/>\n                                                                En d\u00e9cembre\u00a02025, trois \u00e9tablissements embl\u00e9matiques du d\u00e9partement ont \u00e9t\u00e9 ravag\u00e9s par les flammes, doublant presque le nombre de d\u2019incendie dans les \u00e9tablissements recevant du public par rapport \u00e0 l\u2019ann\u00e9e pr\u00e9c\u00e9dente.\n                            <\/p>\n<p>D\u00e9cembre est d\u2019ordinaire le mois o\u00f9 les restaurants remplissent leurs salles, font monter la cadence avant les f\u00eates. Cette ann\u00e9e, en Haute-Garonne, il a surtout laiss\u00e9 derri\u00e8re lui une odeur de suie et des b\u00e2timents calcin\u00e9s. En l\u2019espace de quelques semaines, plusieurs \u00e9tablissements embl\u00e9matiques ont \u00e9t\u00e9 frapp\u00e9s par des incendies d\u00e9vastateurs. \u00c0 Balma-Gramont, au bord du lac de Lenclas, ou en plein c\u0153ur de Toulouse, le m\u00eame sc\u00e9nario s\u2019est r\u00e9p\u00e9t\u00e9\u00a0: sir\u00e8nes \u00e0 l\u2019aube ou en soir\u00e9e, flammes voraces, salari\u00e9s h\u00e9b\u00e9t\u00e9s.<\/p>\n<p>Le 11\u00a0d\u00e9cembre, peu avant le lever du jour, la zone d\u2019activit\u00e9 de Balma-Gramont s\u2019\u00e9veille sous des lumi\u00e8res bleut\u00e9es. \u00c0 5\u00a0h\u00a030, les pompiers arrivent devant le restaurant Chez Yvonne, d\u00e9j\u00e0 enti\u00e8rement embras\u00e9. Les flammes mordent l\u2019acier, avalent la terrasse couverte inaugur\u00e9e l\u2019\u00e9t\u00e9 pr\u00e9c\u00e9dent, tordent le treillis m\u00e9tallique comme une sculpture fondue. En quelques heures, l\u2019adresse r\u00e9put\u00e9e pour ses viandes XXL n\u2019est plus qu\u2019un amas de d\u00e9combres.<\/p>\n<p class=\"std-elt__inline\">\n        <strong>\u00c0 lire aussi :<\/strong><br \/>\n        <a href=\"https:\/\/www.ladepeche.fr\/2025\/12\/12\/on-avait-prevu-dy-faire-notre-repas-de-fin-dannee-le-choc-des-voisins-du-restaurant-chez-yvonne-victime-dun-incendie-13105083.php\" target=\"_blank\" rel=\"noopener\">\u00ab\u00a0On avait pr\u00e9vu d\u2019y faire notre repas de fin d\u2019ann\u00e9e\u00a0\u00bb\u00a0: le choc des voisins du restaurant Chez Yvonne, victime d\u2019un incendie<\/a>\n    <\/p>\n<p>La propagation aux commerces voisins est \u00e9vit\u00e9e, mais le restaurant est d\u00e9truit. Devant les ruines encore fumantes, une cinquantaine de salari\u00e9s restent group\u00e9s, t\u00e9l\u00e9phone en main. \u00ab\u00a0Le resto a cram\u00e9, il n\u2019y a plus rien\u00a0\u00bb, l\u00e2che l\u2019un d\u2019eux, incr\u00e9dule. L\u2019enqu\u00eate, confi\u00e9e \u00e0 la gendarmerie, n\u2019\u00e9carte aucune piste\u00a0: accident, d\u00e9faillance \u00e9lectrique, acte criminel.<\/p>\n<p>\u00ab\u00a0\u2019L\u2019hiver n\u2019est pas statistiquement une saison plus propice aux incendies de restaurants\u00a0\u00bb<\/p>\n<p>Quelques jours plus t\u00f4t, le 2\u00a0d\u00e9cembre, c\u2019est au bord du lac de Lenclas que le ciel s\u2019est embras\u00e9. \u00c0 6\u00a0h\u00a015, l\u2019alarme du restaurant La Compagnie Saint-F\u00e9lix retentit. Le feu a d\u00e9j\u00e0 pris. Jusqu\u2019\u00e0 quarante-cinq pompiers seront mobilis\u00e9s pour venir \u00e0 bout d\u2019un b\u00e2timent de 300 m\u00b2, dont la toiture s\u2019effondre sous l\u2019effet de la chaleur. Deux explosions de bouteilles de butane ponctuent l\u2019intervention. Un pompier est l\u00e9g\u00e8rement bless\u00e9.<\/p>\n<p class=\"std-elt__inline\">\n        <strong>\u00c0 lire aussi :<\/strong><br \/>\n        <a href=\"https:\/\/www.ladepeche.fr\/2025\/12\/02\/jai-vu-les-flammes-tout-etait-tres-rouge-ce-restaurant-bien-connu-part-en-fumee-au-bord-dun-lac-pres-de-toulouse-13085970.php\" target=\"_blank\" rel=\"noopener\">\u00ab\u00a0J\u2019ai vu les flammes, tout \u00e9tait tr\u00e8s rouge\u00a0\u00bb\u00a0: Ce restaurant bien connu part en fum\u00e9e au bord d\u2019un lac pr\u00e8s de Toulouse<\/a>\n    <\/p>\n<p>Ici, la piste accidentelle est privil\u00e9gi\u00e9e\u00a0: un d\u00e9faut \u00e9lectrique, pensent les enqu\u00eateurs. Pour le g\u00e9rant, l\u2019hiver se r\u00e9sume \u00e0 des d\u00e9marches, des assurances, et \u00e0 la perte de dizaines de milliers d\u2019euros de r\u00e9servations.<\/p>\n<p>La fin d\u2019ann\u00e9e n\u2019\u00e9pargne pas non plus le centre de Toulouse. D\u00e9but d\u00e9cembre, en d\u00e9but de soir\u00e9e, un incendie \u00e9clate dans la cuisine du Bar Basque, place Saint-Pierre. Cette fois, le d\u00e9part de feu est plus circonscrit.\u00a0Une friteuse, probablement. Mais la propagation est fulgurante. Les flammes d\u00e9vorent la cuisine, gagnent les \u00e9tages, percent la toiture.<\/p>\n<p class=\"std-elt__inline\">\n        <strong>\u00c0 lire aussi :<\/strong><br \/>\n        <a href=\"https:\/\/www.ladepeche.fr\/2025\/12\/05\/incendie-au-bar-basque-a-toulouse-jamais-vu-un-truc-pareil-au-lendemain-du-sinistre-la-place-saint-pierre-sous-le-choc-13092587.php\" target=\"_blank\" rel=\"noopener\">Incendie au Bar Basque \u00e0 Toulouse\u00a0: \u00ab\u00a0Jamais vu un truc pareil\u00a0\u00bb\u2026 au lendemain du sinistre, la place Saint Pierre sous le choc<\/a>\n    <\/p>\n<p>Chaque incendie a sa logique, son origine probable, ses circonstances propres. Ensemble, ils dessinent pourtant un signal inhabituel. Selon le SDIS de la Haute-Garonne, 96 interventions pour des feux dans des \u00e9tablissements recevant du public (ERP) ont \u00e9t\u00e9 recens\u00e9es en 2025, contre 94 l\u2019ann\u00e9e pr\u00e9c\u00e9dente. Mais c\u2019est le mois de d\u00e9cembre qui frappe\u00a0: 11 d\u00e9parts de feu en d\u00e9cembre\u00a02025, contre cinq en d\u00e9cembre\u00a02024. Un peu plus du double.<\/p>\n<p class=\"std-elt__inline\">\n        <strong>\u00c0 lire aussi :<\/strong><br \/>\n        <a href=\"https:\/\/www.ladepeche.fr\/2026\/01\/01\/cest-vraiment-derriere-nous-un-an-et-demi-apres-un-incendie-comment-le-bar-bistrot-les-tilleuls-a-su-rebondir-13138649.php\" target=\"_blank\" rel=\"noopener\">\u00ab\u00a0C\u2019est vraiment derri\u00e8re nous\u00a0\u00bb\u00a0: un an et demi apr\u00e8s un incendie, comment le bar bistrot Les Tilleuls a su rebondir<\/a>\n    <\/p>\n<p>Des chiffres bruts, que les pompiers se gardent d\u2019interpr\u00e9ter. Ils rappellent qu\u2019un \u00ab\u00a0d\u00e9part pour feu\u00a0\u00bb\u00a0ne signifie pas toujours un incendie av\u00e9r\u00e9 \u00e0 l\u2019arriv\u00e9e sur place. Et surtout, ils le mart\u00e8lent\u00a0: d\u00e9terminer l\u2019origine rel\u00e8ve des enqu\u00eateurs, pas des secours. \u00ab\u00a0Une chose est s\u00fbre\u00a0: contrairement \u00e0 une id\u00e9e re\u00e7ue, l\u2019hiver n\u2019est pas statistiquement une saison plus propice aux incendies de restaurants\u00a0\u00bb, pr\u00e9cise un pompier.<\/p>\n<p data-is-last-node=\"\" data-is-only-node=\"\">Mais ce d\u00e9cembre\u00a02025 restera comme un mois de cendres pour la restauration haut-garonnaise.<\/p>\n","protected":false},"excerpt":{"rendered":"l&rsquo;essentiel En d\u00e9cembre\u00a02025, trois \u00e9tablissements embl\u00e9matiques du d\u00e9partement ont \u00e9t\u00e9 ravag\u00e9s par les flammes, doublant presque le nombre&hellip;\n","protected":false},"author":2,"featured_media":634307,"comment_status":"","ping_status":"","sticky":false,"template":"","format":"standard","meta":{"footnotes":""},"categories":[2816],"tags":[1111,11,1777,674,118,1011,27,2722,12,2680,25,2312],"class_list":{"0":"post-634306","1":"post","2":"type-post","3":"status-publish","4":"format-standard","5":"has-post-thumbnail","7":"category-toulouse","8":"tag-actu","9":"tag-actualites","10":"tag-eu","11":"tag-europe","12":"tag-faits-divers","13":"tag-fr","14":"tag-france","15":"tag-haute-garonne","16":"tag-news","17":"tag-occitanie","18":"tag-republique-francaise","19":"tag-toulouse"},"share_on_mastodon":{"url":"https:\/\/pubeurope.com\/@fr\/115820200238562201","error":""},"_links":{"self":[{"href":"https:\/\/www.europesays.com\/fr\/wp-json\/wp\/v2\/posts\/634306","targetHints":{"allow":["GET"]}}],"collection":[{"href":"https:\/\/www.europesays.com\/fr\/wp-json\/wp\/v2\/posts"}],"about":[{"href":"https:\/\/www.europesays.com\/fr\/wp-json\/wp\/v2\/types\/post"}],"author":[{"embeddable":true,"href":"https:\/\/www.europesays.com\/fr\/wp-json\/wp\/v2\/users\/2"}],"replies":[{"embeddable":true,"href":"https:\/\/www.europesays.com\/fr\/wp-json\/wp\/v2\/comments?post=634306"}],"version-history":[{"count":0,"href":"https:\/\/www.europesays.com\/fr\/wp-json\/wp\/v2\/posts\/634306\/revisions"}],"wp:featuredmedia":[{"embeddable":true,"href":"https:\/\/www.europesays.com\/fr\/wp-json\/wp\/v2\/media\/634307"}],"wp:attachment":[{"href":"https:\/\/www.europesays.com\/fr\/wp-json\/wp\/v2\/media?parent=634306"}],"wp:term":[{"taxonomy":"category","embeddable":true,"href":"https:\/\/www.europesays.com\/fr\/wp-json\/wp\/v2\/categories?post=634306"},{"taxonomy":"post_tag","embeddable":true,"href":"https:\/\/www.europesays.com\/fr\/wp-json\/wp\/v2\/tags?post=634306"}],"curies":[{"name":"wp","href":"https:\/\/api.w.org\/{rel}","templated":true}]}}