{"id":634310,"date":"2026-01-01T14:02:07","date_gmt":"2026-01-01T14:02:07","guid":{"rendered":"https:\/\/www.europesays.com\/fr\/634310\/"},"modified":"2026-01-01T14:02:07","modified_gmt":"2026-01-01T14:02:07","slug":"greve-des-eboueurs-la-metropole-europeenne-de-lille-appelle-a-la-responsabilite-et-a-un-retour-rapide-a-la-normale","status":"publish","type":"post","link":"https:\/\/www.europesays.com\/fr\/634310\/","title":{"rendered":"Gr\u00e8ve des \u00e9boueurs\u00a0: la M\u00e9tropole Europ\u00e9enne de Lille appelle \u00ab\u00a0\u00e0 la responsabilit\u00e9\u00a0\u00bb et \u00e0 \u00ab\u00a0un retour rapide \u00e0 la normale\u00a0\u00bb"},"content":{"rendered":"<p>Alors que la gr\u00e8ve des \u00e9boueurs continue dans 52 communes autour de Lille, la M\u00e9tropole Europ\u00e9enne de Lille appelle au dialogue social pour garantir aux habitants \u00ab\u00a0un retour rapide \u00e0 la normale\u00a0\u00bb. Elle rappelle que c&rsquo;est la soci\u00e9t\u00e9 Deverra qui g\u00e8re le travail des \u00e9boueurs et non elle.<\/p>\n<p>Depuis une semaine d\u00e9j\u00e0, les d\u00e9chets jonchent le sol dans <strong>52 communes de la M\u00e9tropole Europ\u00e9enne de Lille<\/strong> (MEL) puisque les \u00e9boueurs sont en gr\u00e8ve pour demander une r\u00e9organisation de leurs tourn\u00e9es, de meilleures conditions de travail et une revalorisation financi\u00e8re. Des demandes que la <strong>MEL ne peut pas assouvir<\/strong>, comme elle l&rsquo;explique dans un communiqu\u00e9. La mission de collecte des d\u00e9chets est \u00ab\u00a0assur\u00e9e par\u00a0une entreprise priv\u00e9e, Deverra, dans le cadre d\u2019un march\u00e9 public.\u00a0Concr\u00e8tement, cela signifie que la MEL confie le service \u00e0 un prestataire, qui est ensuite responsable de l\u2019organisation de ses \u00e9quipes et de la collecte.<strong>\u00ab\u00a0<\/strong><\/p>\n<p>\u00c0 lire aussi   <img decoding=\"async\" src=\"https:\/\/www.europesays.com\/fr\/wp-content\/uploads\/2025\/12\/1767197111_809_400x400.jpeg\" alt=\"\" style=\"--_image-preview:url('data:image\/jpeg;base64,\/9j\/2wBDACgcHiMeGSgjISMtKygwPGRBPDc3PHtYXUlkkYCZlo+AjIqgtObDoKrarYqMyP\/L2u71\/\/\/\/m8H\/\/\/\/6\/+b9\/\/j\/2wBDASstLTw1PHZBQXb4pYyl+Pj4+Pj4+Pj4+Pj4+Pj4+Pj4+Pj4+Pj4+Pj4+Pj4+Pj4+Pj4+Pj4+Pj4+Pj4+Pj4+Pj\/wAARCAAXACoDASIAAhEBAxEB\/8QAGQAAAwEBAQAAAAAAAAAAAAAAAAIDBAEF\/8QAFxABAQEBAAAAAAAAAAAAAAAAAAECEf\/EABYBAQEBAAAAAAAAAAAAAAAAAAABAv\/EABURAQEAAAAAAAAAAAAAAAAAAAAR\/9oADAMBAAIRAxEAPwAmzTbLNmm2qjVNGmmeaPNLUi3XepTTvSpHmynlAYaUzVc0ADyjoAP\/2Q==');\" loading=\"lazy\" fetchpriority=\"low\" aria-hidden=\"true\" class=\"svelte-1cksh76 rounded\" onload=\"this.__e=event\" onerror=\"this.__e=event\"\/>\u00ab\u00a0Les M\u00e9tropolitains ne doivent pas \u00eatre pris en otage d\u2019un conflit interne\u00a0\u00bb<\/p>\n<p>Elle abonde\u00a0: \u00ab\u00a0la MEL ne peut pas intervenir dans les conflits internes de l\u2019entreprise ni d\u00e9cider de la mani\u00e8re dont ses salari\u00e9s exercent leur droit de gr\u00e8ve, car cela constituerait\u00a0une entrave \u00e0 la libert\u00e9 d\u2019organisation de l\u2019entreprise et au droit de ses salari\u00e9s\u00a0\u00bb. Elle appelle donc Deverra et ses salari\u00e9s \u00ab\u00a0\u00e0\u00a0poursuivre le\u00a0dialogue\u00a0social, dans un esprit de responsabilit\u00e9 et de bon sens\u00a0\u00bb\u00a0 pour que le service reprenne au plus vite. Depuis le d\u00e9but du conflit, seulement <strong>20 % des tourn\u00e9es ont \u00e9t\u00e9 assur\u00e9es<\/strong>, selon elle.<\/p>\n<p>\u00c0 lire aussi   <img decoding=\"async\" src=\"https:\/\/www.europesays.com\/fr\/wp-content\/uploads\/2026\/01\/1767276125_62_400x400.jpeg\" alt=\"\" style=\"--_image-preview:url('data:image\/jpeg;base64,\/9j\/2wBDACgcHiMeGSgjISMtKygwPGRBPDc3PHtYXUlkkYCZlo+AjIqgtObDoKrarYqMyP\/L2u71\/\/\/\/m8H\/\/\/\/6\/+b9\/\/j\/2wBDASstLTw1PHZBQXb4pYyl+Pj4+Pj4+Pj4+Pj4+Pj4+Pj4+Pj4+Pj4+Pj4+Pj4+Pj4+Pj4+Pj4+Pj4+Pj4+Pj4+Pj\/wAARCAAXACoDASIAAhEBAxEB\/8QAGQAAAwEBAQAAAAAAAAAAAAAAAAIDBAEF\/8QAGBABAQEBAQAAAAAAAAAAAAAAAAECERL\/xAAWAQEBAQAAAAAAAAAAAAAAAAAAAgH\/xAAVEQEBAAAAAAAAAAAAAAAAAAAAEf\/aAAwDAQACEQMRAD8AJs02yzZ5tVS0zRppnmjzTaRfo6nND0VkedKaUBClM1TNAA8rvQGj\/9k=');\" loading=\"lazy\" fetchpriority=\"low\" aria-hidden=\"true\" class=\"svelte-1cksh76 rounded\" onload=\"this.__e=event\" onerror=\"this.__e=event\"\/><\/p>\n<p>La MEL conseille donc aux habitants de <strong>conserver temporairement leurs cartons<\/strong> et autres d\u00e9chets volumineux, afin de limiter l\u2019accumulation de d\u00e9chets dans les rues ou de <strong>se rendre directement en d\u00e9chetterie<\/strong>.<\/p>\n<p>La liste des communes concern\u00e9es par la gr\u00e8ve<\/p>\n<p>Frelinghien, Armenti\u00e8res, Houplines, Verlinghem, P\u00e9renchies, Erquinghem-Lys, La Chapelle-d\u2019Armenti\u00e8res, Enneti\u00e8res-en-Weppes, Pr\u00e9mesques, Capinghem, Lomme, Englos, Escobecques, Erquinghem-le-Sec, Beaucamps-Ligny, Lambersart, Lompret, Saint-Andr\u00e9-lez-Lille, La Madeleine, Mons-en-Bar\u0153ul, Hellemmes, Lezennes, Ronchin, Lesquin, Sainghin-en-M\u00e9lantois, Bouvines, P\u00e9ronne-en-M\u00e9lantois, Fretin, Vendeville, Templemars, Seclin, Noyelles-l\u00e8s-Seclin, Wattignies, Faches-Thumesnil, Lille extramuros (Lille-Sud, Lille-Fives, Lille-Moulins, Faubourg de B\u00e9thune, Lille-CHR, Lille Saint Maurice Pellevoisin, Lille Bois Blanc), Loos, Ancoisne, Emmerin, Haubourdin, Sequedin, Hallennes-lez-Haubourdin, Santes, Wavrin, Don, Sainghin-en-Weppes, Fournes-en-Weppes, Herlies, Wicres, Marquillies, Hantay, Salom\u00e9, La Bass\u00e9e, Illies.<\/p>\n<p>\u00c0 lire aussi   <img decoding=\"async\" src=\"https:\/\/www.europesays.com\/fr\/wp-content\/uploads\/2025\/12\/1767003252_986_400x400.jpeg\" alt=\"\" style=\"--_image-preview:url('data:image\/jpeg;base64,\/9j\/2wBDACgcHiMeGSgjISMtKygwPGRBPDc3PHtYXUlkkYCZlo+AjIqgtObDoKrarYqMyP\/L2u71\/\/\/\/m8H\/\/\/\/6\/+b9\/\/j\/2wBDASstLTw1PHZBQXb4pYyl+Pj4+Pj4+Pj4+Pj4+Pj4+Pj4+Pj4+Pj4+Pj4+Pj4+Pj4+Pj4+Pj4+Pj4+Pj4+Pj4+Pj\/wAARCAAXACoDASIAAhEBAxEB\/8QAFwAAAwEAAAAAAAAAAAAAAAAAAAECA\/\/EABYQAQEBAAAAAAAAAAAAAAAAAAABEf\/EABYBAQEBAAAAAAAAAAAAAAAAAAABAv\/EABURAQEAAAAAAAAAAAAAAAAAAAAR\/9oADAMBAAIRAxEAPwC9LS0tA9NJxFqopMUDIgFZBwAVcWAD\/9k=');\" loading=\"lazy\" fetchpriority=\"low\" aria-hidden=\"true\" class=\"svelte-1cksh76 rounded\" onload=\"this.__e=event\" onerror=\"this.__e=event\"\/><\/p>\n","protected":false},"excerpt":{"rendered":"Alors que la gr\u00e8ve des \u00e9boueurs continue dans 52 communes autour de Lille, la M\u00e9tropole Europ\u00e9enne de Lille&hellip;\n","protected":false},"author":2,"featured_media":634311,"comment_status":"","ping_status":"","sticky":false,"template":"","format":"standard","meta":{"footnotes":""},"categories":[2815],"tags":[1111,11,1777,674,1011,27,811,1307,12,25],"class_list":{"0":"post-634310","1":"post","2":"type-post","3":"status-publish","4":"format-standard","5":"has-post-thumbnail","7":"category-lille","8":"tag-actu","9":"tag-actualites","10":"tag-eu","11":"tag-europe","12":"tag-fr","13":"tag-france","14":"tag-hauts-de-france","15":"tag-lille","16":"tag-news","17":"tag-republique-francaise"},"share_on_mastodon":{"url":"https:\/\/pubeurope.com\/@fr\/115820216412138544","error":""},"_links":{"self":[{"href":"https:\/\/www.europesays.com\/fr\/wp-json\/wp\/v2\/posts\/634310","targetHints":{"allow":["GET"]}}],"collection":[{"href":"https:\/\/www.europesays.com\/fr\/wp-json\/wp\/v2\/posts"}],"about":[{"href":"https:\/\/www.europesays.com\/fr\/wp-json\/wp\/v2\/types\/post"}],"author":[{"embeddable":true,"href":"https:\/\/www.europesays.com\/fr\/wp-json\/wp\/v2\/users\/2"}],"replies":[{"embeddable":true,"href":"https:\/\/www.europesays.com\/fr\/wp-json\/wp\/v2\/comments?post=634310"}],"version-history":[{"count":0,"href":"https:\/\/www.europesays.com\/fr\/wp-json\/wp\/v2\/posts\/634310\/revisions"}],"wp:featuredmedia":[{"embeddable":true,"href":"https:\/\/www.europesays.com\/fr\/wp-json\/wp\/v2\/media\/634311"}],"wp:attachment":[{"href":"https:\/\/www.europesays.com\/fr\/wp-json\/wp\/v2\/media?parent=634310"}],"wp:term":[{"taxonomy":"category","embeddable":true,"href":"https:\/\/www.europesays.com\/fr\/wp-json\/wp\/v2\/categories?post=634310"},{"taxonomy":"post_tag","embeddable":true,"href":"https:\/\/www.europesays.com\/fr\/wp-json\/wp\/v2\/tags?post=634310"}],"curies":[{"name":"wp","href":"https:\/\/api.w.org\/{rel}","templated":true}]}}