{"id":634312,"date":"2026-01-01T14:03:08","date_gmt":"2026-01-01T14:03:08","guid":{"rendered":"https:\/\/www.europesays.com\/fr\/634312\/"},"modified":"2026-01-01T14:03:08","modified_gmt":"2026-01-01T14:03:08","slug":"pres-de-marseille-le-reveillon-tourne-au-vinaigre-un-appartement-souffle-par-une-explosion","status":"publish","type":"post","link":"https:\/\/www.europesays.com\/fr\/634312\/","title":{"rendered":"Pr\u00e8s de Marseille. Le r\u00e9veillon tourne au vinaigre, un appartement souffl\u00e9 par une explosion"},"content":{"rendered":"<p>                    Par<br \/>\n        <strong><br \/>\n            <a href=\"https:\/\/actu.fr\/auteur\/fabien-binacchi\" title=\"Consulter tous les articles de Fabien Binacchi\" target=\"_blank\" rel=\"noopener\">Fabien Binacchi<\/a><br \/>\n                    <\/strong><\/p>\n<p>        Publi\u00e9 le<\/p>\n<p>            1 janv. 2026 \u00e0 13h12        <\/p>\n<p>Le passage \u00e0 la nouvelle ann\u00e9e a \u00e9t\u00e9 d\u00e9tonnant dans ce quartier de <a href=\"https:\/\/actu.fr\/provence-alpes-cote-d-azur\/salon-de-provence_13103\" target=\"_blank\" rel=\"noopener\">Salon-de-Provence,<\/a> pr\u00e8s de <a href=\"https:\/\/actu.fr\/provence-alpes-cote-d-azur\/bouches-du-rhone_13\" target=\"_blank\" rel=\"noopener\">Marseille.<\/a> Vers minuit, <strong>dans la nuit du 31\u00a0d\u00e9cembre au 1er\u00a0janvier 2026,<\/strong> les pompiers des <a href=\"https:\/\/actu.fr\/provence-alpes-cote-d-azur\/bouches-du-rhone_13\" target=\"_blank\" rel=\"noopener\">Bouches-du-Rh\u00f4ne<\/a> sont intervenus pour une explosion dans un appartement.<\/p>\n<p class=\" wall-content\">La d\u00e9flagration a fait un bless\u00e9 l\u00e9ger.<\/p>\n<p>Un homme de 60\u00a0ans touch\u00e9<\/p>\n<p class=\" wall-content\">Il \u00e9tait 0h10 exactement quand les secours sont appel\u00e9s. Une d\u00e9tonation vient de retentir rue de l\u2019Horloge, dans <strong>un quartier historique de Salon-de-Provence.<\/strong> Un logement au deuxi\u00e8me \u00e9tage d\u2019un b\u00e2timent en comptant trois est touch\u00e9.<\/p>\n<p>    <a href=\"https:\/\/www.google.com\/maps\/embed?pb=!1m18!1m12!1m3!1d2706.8809706192656!2d5.094605611513109!3d43.641098470982065!2m3!1f0!2f0!3f0!3m2!1i1024!2i768!4f13.1!3m3!1m2!1s0x12c9ffab6dfc472b%3A0x823c7b3a1ea817a1!2sRue%20de%20l%27Horloge%2C%2013300%20Salon-de-Provence!5e1!3m2!1sfr!2sfr!4v1767269245595!5m2!1sfr!2sfr\" title=\"Ouvrie le lien\" target=\"_blank\" rel=\"noopener\">Cliquez ici pour visualiser le contenu<\/a><\/p>\n<p class=\" wall-content\">Le bilan humain aurait pu \u00eatre pire\u2009: \u00ab\u2009Un homme de 60\u00a0ans a \u00e9t\u00e9 bless\u00e9 l\u00e9g\u00e8rement\u2009\u00bb, indique le Service d\u00e9partemental d\u2019incendie et de secours (Sdis) des Bouches-du-Rh\u00f4ne.<\/p>\n<p>Plusieurs b\u00e2timents fragilis\u00e9s<\/p>\n<p class=\" wall-content\">Les d\u00e9g\u00e2ts, eux, sont bien plus importants. \u00ab\u2009Le b\u00e2timent a \u00e9t\u00e9 <strong>mis en demeure pour p\u00e9ril imm\u00e9diat.<\/strong> L\u2019explosion a fragilis\u00e9 les immeubles adjacents\u2009\u00bb, pr\u00e9cisent les secours. Le relogement de trois personnes a \u00e9t\u00e9 n\u00e9cessaire, expliquent-ils encore.<\/p>\n<p class=\" wall-content\">L\u2019origine de la d\u00e9flagration n\u2019a pas \u00e9t\u00e9 pr\u00e9cis\u00e9e.<\/p>\n<p>Votre r\u00e9gion, votre actu !<\/p>\n<p>Recevez chaque jour les infos qui comptent pour vous.<\/p>\n<p>\t<a href=\"https:\/\/actu.fr\/newsletter\" class=\"ac-btn ac-btn--corner ac-btn--medium ac-btn--blue800\" target=\"_blank\" rel=\"noopener\">S&rsquo;incrire<\/a><\/p>\n<p class=\" wall-content\">Une enqu\u00eate devrait permettre de la d\u00e9terminer.<\/p>\n<p class=\" wall-content\">Personnalisez votre actualit\u00e9 en ajoutant vos villes et m\u00e9dias en favori avec <a href=\"https:\/\/moncompte.actu.fr\" title=\"D\u00e9couvez Mon Actu\" rel=\"nofollow noopener\" data-trk=\"{&quot;cta&quot;:{&quot;action&quot;:&quot;https:\\\/\\\/moncompte.actu.fr&quot;,&quot;category&quot;:&quot;mon compte&quot;,&quot;from&quot;:&quot;article footer&quot;,&quot;name&quot;:&quot;Mon actu&quot;,&quot;type&quot;:&quot;cta&quot;}}\" target=\"_blank\">Mon Actu<\/a>.<\/p>\n","protected":false},"excerpt":{"rendered":"Par Fabien Binacchi Publi\u00e9 le 1 janv. 2026 \u00e0 13h12 Le passage \u00e0 la nouvelle ann\u00e9e a \u00e9t\u00e9&hellip;\n","protected":false},"author":2,"featured_media":634313,"comment_status":"","ping_status":"","sticky":false,"template":"","format":"standard","meta":{"footnotes":""},"categories":[2814],"tags":[1111,11,1777,674,118,1011,27,884,12,1311,882,25],"class_list":{"0":"post-634312","1":"post","2":"type-post","3":"status-publish","4":"format-standard","5":"has-post-thumbnail","7":"category-marseille","8":"tag-actu","9":"tag-actualites","10":"tag-eu","11":"tag-europe","12":"tag-faits-divers","13":"tag-fr","14":"tag-france","15":"tag-marseille","16":"tag-news","17":"tag-pompiers","18":"tag-provence-alpes-cote-dazur","19":"tag-republique-francaise"},"share_on_mastodon":{"url":"https:\/\/pubeurope.com\/@fr\/115820219877849491","error":""},"_links":{"self":[{"href":"https:\/\/www.europesays.com\/fr\/wp-json\/wp\/v2\/posts\/634312","targetHints":{"allow":["GET"]}}],"collection":[{"href":"https:\/\/www.europesays.com\/fr\/wp-json\/wp\/v2\/posts"}],"about":[{"href":"https:\/\/www.europesays.com\/fr\/wp-json\/wp\/v2\/types\/post"}],"author":[{"embeddable":true,"href":"https:\/\/www.europesays.com\/fr\/wp-json\/wp\/v2\/users\/2"}],"replies":[{"embeddable":true,"href":"https:\/\/www.europesays.com\/fr\/wp-json\/wp\/v2\/comments?post=634312"}],"version-history":[{"count":0,"href":"https:\/\/www.europesays.com\/fr\/wp-json\/wp\/v2\/posts\/634312\/revisions"}],"wp:featuredmedia":[{"embeddable":true,"href":"https:\/\/www.europesays.com\/fr\/wp-json\/wp\/v2\/media\/634313"}],"wp:attachment":[{"href":"https:\/\/www.europesays.com\/fr\/wp-json\/wp\/v2\/media?parent=634312"}],"wp:term":[{"taxonomy":"category","embeddable":true,"href":"https:\/\/www.europesays.com\/fr\/wp-json\/wp\/v2\/categories?post=634312"},{"taxonomy":"post_tag","embeddable":true,"href":"https:\/\/www.europesays.com\/fr\/wp-json\/wp\/v2\/tags?post=634312"}],"curies":[{"name":"wp","href":"https:\/\/api.w.org\/{rel}","templated":true}]}}