{"id":634314,"date":"2026-01-01T14:04:11","date_gmt":"2026-01-01T14:04:11","guid":{"rendered":"https:\/\/www.europesays.com\/fr\/634314\/"},"modified":"2026-01-01T14:04:11","modified_gmt":"2026-01-01T14:04:11","slug":"reveillon-tragique-a-marseille-un-homme-poignarde-a-mort-en-plein-centre-ville","status":"publish","type":"post","link":"https:\/\/www.europesays.com\/fr\/634314\/","title":{"rendered":"R\u00e9veillon tragique \u00e0 Marseille. Un homme poignard\u00e9 \u00e0 mort en plein centre-ville"},"content":{"rendered":"<p>                    Par<br \/>\n        <strong><br \/>\n            <a href=\"https:\/\/actu.fr\/auteur\/fabien-binacchi\" title=\"Consulter tous les articles de Fabien Binacchi\" target=\"_blank\" rel=\"noopener\">Fabien Binacchi<\/a><br \/>\n                    <\/strong><\/p>\n<p>        Publi\u00e9 le<\/p>\n<p>            1 janv. 2026 \u00e0 12h40        <\/p>\n<p>La soir\u00e9e du r\u00e9veillon a vir\u00e9 au drame \u00e0 <a href=\"https:\/\/actu.fr\/marseille\/\" target=\"_blank\" rel=\"noopener\">Marseille.<\/a> Vers 21h, ce mercredi 31\u00a0d\u00e9cembre 2025, un homme d\u2019une trentaine d\u2019ann\u00e9es a \u00e9t\u00e9 <strong>mortellement bless\u00e9 \u00e0 l\u2019arme blanche,<\/strong> apprend-on aupr\u00e8s du parquet, confirmant une information de <a href=\"https:\/\/www.laprovence.com\/article\/faits-divers-justice\/2056753751735215\/reveillon-du-nouvel-an-un-homme-entre-la-vie-et-la-mort-apres-une-agression-a-larme-blanche-en-centre-ville-a-marseille\" target=\"_blank\" rel=\"noopener\">La Provence.<\/a><\/p>\n<p class=\" wall-content\">Plusieurs individus sont recherch\u00e9s.<\/p>\n<p>D\u00e9c\u00e9d\u00e9 sur la table d\u2019op\u00e9ration<\/p>\n<p class=\" wall-content\">L\u2019agression s\u2019est d\u00e9roul\u00e9e au c\u0153ur du quartier Noailles, rue Longue des Capucins, dans des circonstances qui restent \u00e0 d\u00e9finir. La victime aurait \u00e9t\u00e9 attaqu\u00e9e \u00ab\u2009apr\u00e8s une altercation opposant plusieurs personnes\u2009\u00bb, indique le parquet de Marseille.<\/p>\n<p>    <a href=\"https:\/\/www.google.com\/maps\/embed?pb=!1m18!1m12!1m3!1d2940.1231223935847!2d5.378523764373172!3d43.296698651903036!2m3!1f0!2f0!3f0!3m2!1i1024!2i768!4f13.1!3m3!1m2!1s0x12c9c0bde4b54679%3A0x2ceb7d5da85a49f5!2sRue%20Longue%20des%20Capucins%2C%2013001%20Marseille!5e1!3m2!1sfr!2sfr!4v1767253234232!5m2!1sfr!2sfr\" title=\"Ouvrie le lien\" target=\"_blank\" rel=\"noopener\">Cliquez ici pour visualiser le contenu<\/a><\/p>\n<p class=\" wall-content\">Rapidement sur place, les marins-pompiers prennent en charge le trentenaire dans un \u00e9tat grave. <strong>Bless\u00e9 au couteau au niveau de l\u2019abdomen,<\/strong> inconscient, il est transport\u00e9 \u00e0 l\u2019h\u00f4pital avec son pronostic vital engag\u00e9. Son cas est malheureusement d\u00e9sesp\u00e9r\u00e9. Il finit par succomber quelques heures plus tard sur la table d\u2019op\u00e9ration.<\/p>\n<p>Une enqu\u00eate ouverte<\/p>\n<p class=\" wall-content\">\u00c0 l\u2019arriv\u00e9e des forces de l\u2019ordre, d\u00e9ploy\u00e9es en nombre \u00e0 l\u2019occasion de la Saint-Sylvestre, les auteurs pr\u00e9sum\u00e9s de cette agression mortelle avaient d\u00e9j\u00e0 pris la fuite. Une enqu\u00eate a \u00e9t\u00e9 ouverte pour \u00ab\u2009meurtre\u2009\u00bb et confi\u00e9e au <strong>Service local de police judiciaire (SLPJ).<\/strong><\/p>\n<p class=\" wall-content\">Un dispositif exceptionnel avait \u00e9t\u00e9 d\u00e9ploy\u00e9 pour cette soir\u00e9e de r\u00e9veillon class\u00e9e \u00e0 haut risque, les autorit\u00e9s craignant \u00e9galement <strong>de nouveaux d\u00e9bordements<\/strong> en lien avec un match de la Coupe d\u2019Afrique des Nations (CAN) 2025, qui a vu l\u2019Alg\u00e9rie s\u2019imposer.<\/p>\n<p>Votre r\u00e9gion, votre actu !<\/p>\n<p>Recevez chaque jour les infos qui comptent pour vous.<\/p>\n<p>\t<a href=\"https:\/\/actu.fr\/newsletter\" class=\"ac-btn ac-btn--corner ac-btn--medium ac-btn--blue800\" target=\"_blank\" rel=\"noopener\">S&rsquo;incrire<\/a><\/p>\n<p class=\" wall-content\">La circulation avait notamment \u00e9t\u00e9 interdite <strong>sur une partie du Vieux-Port.<\/strong><\/p>\n<p class=\" wall-content\">Personnalisez votre actualit\u00e9 en ajoutant vos villes et m\u00e9dias en favori avec <a href=\"https:\/\/moncompte.actu.fr\" title=\"D\u00e9couvez Mon Actu\" rel=\"nofollow noopener\" data-trk=\"{&quot;cta&quot;:{&quot;action&quot;:&quot;https:\\\/\\\/moncompte.actu.fr&quot;,&quot;category&quot;:&quot;mon compte&quot;,&quot;from&quot;:&quot;article footer&quot;,&quot;name&quot;:&quot;Mon actu&quot;,&quot;type&quot;:&quot;cta&quot;}}\" target=\"_blank\">Mon Actu<\/a>.<\/p>\n","protected":false},"excerpt":{"rendered":"Par Fabien Binacchi Publi\u00e9 le 1 janv. 2026 \u00e0 12h40 La soir\u00e9e du r\u00e9veillon a vir\u00e9 au drame&hellip;\n","protected":false},"author":2,"featured_media":623884,"comment_status":"","ping_status":"","sticky":false,"template":"","format":"standard","meta":{"footnotes":""},"categories":[2814],"tags":[1111,11,1777,674,118,1011,27,17289,884,12,1072,882,25],"class_list":{"0":"post-634314","1":"post","2":"type-post","3":"status-publish","4":"format-standard","5":"has-post-thumbnail","7":"category-marseille","8":"tag-actu","9":"tag-actualites","10":"tag-eu","11":"tag-europe","12":"tag-faits-divers","13":"tag-fr","14":"tag-france","15":"tag-marin-pompier","16":"tag-marseille","17":"tag-news","18":"tag-police","19":"tag-provence-alpes-cote-dazur","20":"tag-republique-francaise"},"share_on_mastodon":{"url":"https:\/\/pubeurope.com\/@fr\/115820224036443100","error":""},"_links":{"self":[{"href":"https:\/\/www.europesays.com\/fr\/wp-json\/wp\/v2\/posts\/634314","targetHints":{"allow":["GET"]}}],"collection":[{"href":"https:\/\/www.europesays.com\/fr\/wp-json\/wp\/v2\/posts"}],"about":[{"href":"https:\/\/www.europesays.com\/fr\/wp-json\/wp\/v2\/types\/post"}],"author":[{"embeddable":true,"href":"https:\/\/www.europesays.com\/fr\/wp-json\/wp\/v2\/users\/2"}],"replies":[{"embeddable":true,"href":"https:\/\/www.europesays.com\/fr\/wp-json\/wp\/v2\/comments?post=634314"}],"version-history":[{"count":0,"href":"https:\/\/www.europesays.com\/fr\/wp-json\/wp\/v2\/posts\/634314\/revisions"}],"wp:featuredmedia":[{"embeddable":true,"href":"https:\/\/www.europesays.com\/fr\/wp-json\/wp\/v2\/media\/623884"}],"wp:attachment":[{"href":"https:\/\/www.europesays.com\/fr\/wp-json\/wp\/v2\/media?parent=634314"}],"wp:term":[{"taxonomy":"category","embeddable":true,"href":"https:\/\/www.europesays.com\/fr\/wp-json\/wp\/v2\/categories?post=634314"},{"taxonomy":"post_tag","embeddable":true,"href":"https:\/\/www.europesays.com\/fr\/wp-json\/wp\/v2\/tags?post=634314"}],"curies":[{"name":"wp","href":"https:\/\/api.w.org\/{rel}","templated":true}]}}