{"id":634315,"date":"2026-01-01T14:05:10","date_gmt":"2026-01-01T14:05:10","guid":{"rendered":"https:\/\/www.europesays.com\/fr\/634315\/"},"modified":"2026-01-01T14:05:10","modified_gmt":"2026-01-01T14:05:10","slug":"le-lyonnais-du-mois-patrick-mehlen","status":"publish","type":"post","link":"https:\/\/www.europesays.com\/fr\/634315\/","title":{"rendered":"Le Lyonnais du mois : Patrick Mehlen"},"content":{"rendered":"<p>                            <img loading=\"lazy\" width=\"1200\" height=\"750\" class=\"attachment-article size-article wp-post-image lazyload\" alt=\"Patrick Mehlen\" decoding=\"async\" src=\"https:\/\/www.europesays.com\/fr\/wp-content\/uploads\/2026\/01\/IMG_3661-e1765966476877.jpg\" data-eio-rwidth=\"1200\" data-eio-rheight=\"750\"\/><\/p>\n<p>Patrick Mehlen sur le plateau de 6 minutes chrono\/ Lyon Capitale<\/p>\n<p class=\"content\" style=\"font-size:1.2em;font-weight:700\">Patrick Mehlen est directeur du Centre de recherche en canc\u00e9rologie de Lyon. Il vient de recevoir le Grand Prix 2025 de la Fondation pour la recherche m\u00e9dicale, une distinction prestigieuse qui salue son travail exceptionnel<\/p>\n<p>En 2004, lorsque Patrick Mehlen est recrut\u00e9 au <a href=\"https:\/\/www.lyoncapitale.fr\/actualite\/mai-en-gris-le-centre-lyonnais-leon-berard-se-mobilise-face-aux-tumeurs-cerebrales\" target=\"_blank\" rel=\"noreferrer noopener\">centre L\u00e9on-B\u00e9rard<\/a>, 30 chercheurs sont sur le site. Ils sont aujourd\u2019hui 550, r\u00e9partis sur 15\u00a0000\u00a0m2 de locaux de recherche d\u00e9di\u00e9s \u00e0 l\u2019oncologie. Consid\u00e9r\u00e9 comme une star pour sa d\u00e9couverte des r\u00e9cepteurs ind\u00e9pendants \u2013 un m\u00e9canisme qui conduit normalement \u00e0 la mort des cellules et qui est inactiv\u00e9 par les cellules canc\u00e9reuses \u2013, le directeur de la recherche de transfert et de l\u2019innovation du centre est, dit-on, parfaitement nob\u00e9lisable.<\/p>\n<p>Ce biologiste cellulaire de formation vient de recevoir le Grand Prix 2025 de la Fondation pour la recherche m\u00e9dicale, une distinction prestigieuse qui salue son travail exceptionnel. Figure majeure de la recherche sur le cancer, Patrick Mehlen a mis en \u00e9vidence un m\u00e9canisme d\u2019action et de r\u00e9sistance aux traitements que sont les chimioth\u00e9rapies et les immunoth\u00e9rapies. Une approche r\u00e9volutionnaire : jusqu\u2019\u00e0 maintenant, les th\u00e9rapies ciblaient une alt\u00e9ration g\u00e9n\u00e9tique pour r\u00e9veiller le syst\u00e8me immunitaire. \u201cNous, on est plut\u00f4t sur quelque chose qui se retrouve dans tous les cancers, \u00e0 savoir les cellules canc\u00e9reuses qui ont tendance \u00e0 se cacher face aux traitements\u201d, explique-t-il \u00e0 Lyon Capitale dans l\u2019\u00e9mission \u201c6 minutes chrono\u201d. Son \u00e9quipe vient d\u2019achever les essais cliniques de phase 2 sur plus de trois cents malades en France. \u201cLes r\u00e9sultats, tr\u00e8s prometteurs\u201d augurent d\u2019une mise sur le march\u00e9 du candidat-m\u00e9dicament entre 2026 et 2031.<\/p>\n<p><strong>Lire aussi :<\/strong> <a href=\"https:\/\/www.lyoncapitale.fr\/actualite\/lyon-capitale-de-la-medecine-du-futur#:~:text=Lyon%2C%20capitale%20de%20la%20m%C3%A9decine%20du%20futur%20%2D%20Lyon%20Capitale&amp;text=Centre%20de%20recherche%20en%20canc%C3%A9rologie,organes%20dont%20ils%20sont%20issus.\" target=\"_blank\" rel=\"noreferrer noopener\">Lyon, capitale de la m\u00e9decine du futur<\/a><\/p>\n","protected":false},"excerpt":{"rendered":"Patrick Mehlen sur le plateau de 6 minutes chrono\/ Lyon Capitale Patrick Mehlen est directeur du Centre de&hellip;\n","protected":false},"author":2,"featured_media":634316,"comment_status":"","ping_status":"","sticky":false,"template":"","format":"standard","meta":{"footnotes":""},"categories":[1889],"tags":[1111,11,2430,1777,674,1011,27,2428,12,25],"class_list":{"0":"post-634315","1":"post","2":"type-post","3":"status-publish","4":"format-standard","5":"has-post-thumbnail","7":"category-lyon","8":"tag-actu","9":"tag-actualites","10":"tag-auvergne-rhone-alpes","11":"tag-eu","12":"tag-europe","13":"tag-fr","14":"tag-france","15":"tag-lyon","16":"tag-news","17":"tag-republique-francaise"},"share_on_mastodon":{"url":"https:\/\/pubeurope.com\/@fr\/115820228150131336","error":""},"_links":{"self":[{"href":"https:\/\/www.europesays.com\/fr\/wp-json\/wp\/v2\/posts\/634315","targetHints":{"allow":["GET"]}}],"collection":[{"href":"https:\/\/www.europesays.com\/fr\/wp-json\/wp\/v2\/posts"}],"about":[{"href":"https:\/\/www.europesays.com\/fr\/wp-json\/wp\/v2\/types\/post"}],"author":[{"embeddable":true,"href":"https:\/\/www.europesays.com\/fr\/wp-json\/wp\/v2\/users\/2"}],"replies":[{"embeddable":true,"href":"https:\/\/www.europesays.com\/fr\/wp-json\/wp\/v2\/comments?post=634315"}],"version-history":[{"count":0,"href":"https:\/\/www.europesays.com\/fr\/wp-json\/wp\/v2\/posts\/634315\/revisions"}],"wp:featuredmedia":[{"embeddable":true,"href":"https:\/\/www.europesays.com\/fr\/wp-json\/wp\/v2\/media\/634316"}],"wp:attachment":[{"href":"https:\/\/www.europesays.com\/fr\/wp-json\/wp\/v2\/media?parent=634315"}],"wp:term":[{"taxonomy":"category","embeddable":true,"href":"https:\/\/www.europesays.com\/fr\/wp-json\/wp\/v2\/categories?post=634315"},{"taxonomy":"post_tag","embeddable":true,"href":"https:\/\/www.europesays.com\/fr\/wp-json\/wp\/v2\/tags?post=634315"}],"curies":[{"name":"wp","href":"https:\/\/api.w.org\/{rel}","templated":true}]}}