{"id":634317,"date":"2026-01-01T14:06:14","date_gmt":"2026-01-01T14:06:14","guid":{"rendered":"https:\/\/www.europesays.com\/fr\/634317\/"},"modified":"2026-01-01T14:06:14","modified_gmt":"2026-01-01T14:06:14","slug":"80-voitures-brulees-et-une-quinzaine-dinterpellations","status":"publish","type":"post","link":"https:\/\/www.europesays.com\/fr\/634317\/","title":{"rendered":"80 voitures br\u00fbl\u00e9es et une quinzaine d\u2019interpellations"},"content":{"rendered":"<p>Pr\u00e8s de 800 policiers et gendarmes \u00e9taient mobilis\u00e9s pour encadrer les festivit\u00e9s de la nuit de la Saint-Sylvestre et pr\u00e9venir les d\u00e9bordements dans le Rh\u00f4ne, avec un dispositif renforc\u00e9 comprenant 550 policiers, 250 gendarmes, un escadron de gendarmerie, deux compagnies de CRS dont la CRS 83, ainsi qu\u2019un h\u00e9licopt\u00e8re.<\/p>\n<p>Si la Pr\u00e9fecture du Rh\u00f4ne ne communique aucun chiffre officiel, selon nos informations, environ 80 v\u00e9hicules ont \u00e9t\u00e9 incendi\u00e9s dans le d\u00e9partement, exclusivement en zone de police dans la m\u00e9tropole de Lyon. Quelques dizaines de poubelles ont \u00e9galement \u00e9t\u00e9 en proie aux flammes.<\/p>\n<p>  Vaulx-en-Velin particuli\u00e8rement touch\u00e9e<\/p>\n<p>Les faits se sont principalement concentr\u00e9s \u00e0 Vaulx-en-Velin, mais aussi r\u00e9partis dans d\u2019autres communes de la M\u00e9tropole de Lyon, \u00e0 Villeurbanne, Rillieux-la-Pape, Bron, Feyzin, D\u00e9cines-Charpieu, Chassieu, Caluire, Givors, Meyzieu ainsi que dans le 3e\u00a0 arrondissement de Lyon.<\/p>\n<p>Dans le d\u00e9tail, Vaulx-en-Velin recense le plus grand nombre de v\u00e9hicules incendi\u00e9s avec 26 v\u00e9hicules touch\u00e9s dont sept par propagation. Malgr\u00e9 ces d\u00e9gradations, aucun affrontement d\u2019ampleur avec les forces de l\u2019ordre n\u2019a \u00e9t\u00e9 \u00e0 signaler.<\/p>\n<p>  Tendance similaire \u00e0 celle de l\u2019an dernier<\/p>\n<p><a href=\"https:\/\/www.leprogres.fr\/faits-divers-justice\/2025\/01\/01\/le-bilan-de-la-nuit-de-la-saint-sylvestre-au-moins-87-vehicules-brules-un-bebe-gravement-blesse\" target=\"_blank\" rel=\"noopener\">Ce bilan s\u2019inscrit dans une tendance similaire \u00e0 celle de l\u2019an dernier<\/a>. Une quinzaine d\u2019interpellations a n\u00e9anmoins \u00e9t\u00e9 effectu\u00e9e pour des infractions vari\u00e9es\u00a0dont certaines en lien avec des faits de violences urbaines\u00a0: usage de mortiers d\u2019artifice, d\u00e9tention de stup\u00e9fiants, d\u00e9gradations, violences avec arme ou aggrav\u00e9es, refus d\u2019obtemp\u00e9rer, feux de poubelles ou de barricades, ainsi que des vols de t\u00e9l\u00e9phones.<\/p>\n<p>Malgr\u00e9 l\u2019interdiction par la pr\u00e9fecture du Rh\u00f4ne de l\u2019usage sur la voie publique de feux d\u2019artifice et autres engins pyrotechniques par des particuliers, au moment du passage \u00e0 la nouvelle ann\u00e9e, de nombreux feux ont \u00e9t\u00e9 lanc\u00e9s dans le ciel, dont en plein c\u0153ur de Lyon. Toujours selon nos informations, aucun bless\u00e9 n\u2019a \u00e9t\u00e9 \u00e0 d\u00e9plorer.<\/p>\n<p>La soir\u00e9e a \u00e9t\u00e9 globalement tendue mais est rest\u00e9e\u00a0ma\u00eetris\u00e9e gr\u00e2ce <a href=\"https:\/\/www.leprogres.fr\/societe\/2025\/12\/30\/helicoptere-crs-en-renfort-4-communes-dans-le-viseur-les-forces-de-l-ordre-se-preparent-a-un-reveillon-sous-tension\" target=\"_blank\" rel=\"noopener\">\u00e0 la pr\u00e9sence massive des forces de l\u2019ordre<\/a>, marqu\u00e9e principalement par des incendies de v\u00e9hicules. Depuis ces dix derni\u00e8res ann\u00e9es, ce r\u00e9veillon serait celui qui aurait \u00e9t\u00e9 le plus calme en terme d&rsquo;affrontements avec les forces de l&rsquo;ordre.<\/p>\n","protected":false},"excerpt":{"rendered":"Pr\u00e8s de 800 policiers et gendarmes \u00e9taient mobilis\u00e9s pour encadrer les festivit\u00e9s de la nuit de la Saint-Sylvestre&hellip;\n","protected":false},"author":2,"featured_media":634318,"comment_status":"","ping_status":"","sticky":false,"template":"","format":"standard","meta":{"footnotes":""},"categories":[1889],"tags":[1111,11,2430,9492,271,272,3152,2757,3153,3154,1777,674,274,107,1011,27,19625,2428,12,25,2429,17092,4605,104,5070,4375,6345],"class_list":{"0":"post-634317","1":"post","2":"type-post","3":"status-publish","4":"format-standard","5":"has-post-thumbnail","7":"category-lyon","8":"tag-actu","9":"tag-actualites","10":"tag-auvergne-rhone-alpes","11":"tag-bron","12":"tag-crime","13":"tag-delit-et-contravention","14":"tag-edition-est-lyonnais","15":"tag-edition-lyon-villeurbanne","16":"tag-edition-ouest-lyonnais","17":"tag-edition-sud-lyonnais","18":"tag-eu","19":"tag-europe","20":"tag-faits-divers-justice","21":"tag-fil-info","22":"tag-fr","23":"tag-france","24":"tag-givors","25":"tag-lyon","26":"tag-news","27":"tag-republique-francaise","28":"tag-rhone","29":"tag-rillieux-la-pape","30":"tag-saint-priest","31":"tag-societe","32":"tag-vaulx-en-velin","33":"tag-venissieux","34":"tag-villeurbanne"},"share_on_mastodon":{"url":"https:\/\/pubeurope.com\/@fr\/115820231543132105","error":""},"_links":{"self":[{"href":"https:\/\/www.europesays.com\/fr\/wp-json\/wp\/v2\/posts\/634317","targetHints":{"allow":["GET"]}}],"collection":[{"href":"https:\/\/www.europesays.com\/fr\/wp-json\/wp\/v2\/posts"}],"about":[{"href":"https:\/\/www.europesays.com\/fr\/wp-json\/wp\/v2\/types\/post"}],"author":[{"embeddable":true,"href":"https:\/\/www.europesays.com\/fr\/wp-json\/wp\/v2\/users\/2"}],"replies":[{"embeddable":true,"href":"https:\/\/www.europesays.com\/fr\/wp-json\/wp\/v2\/comments?post=634317"}],"version-history":[{"count":0,"href":"https:\/\/www.europesays.com\/fr\/wp-json\/wp\/v2\/posts\/634317\/revisions"}],"wp:featuredmedia":[{"embeddable":true,"href":"https:\/\/www.europesays.com\/fr\/wp-json\/wp\/v2\/media\/634318"}],"wp:attachment":[{"href":"https:\/\/www.europesays.com\/fr\/wp-json\/wp\/v2\/media?parent=634317"}],"wp:term":[{"taxonomy":"category","embeddable":true,"href":"https:\/\/www.europesays.com\/fr\/wp-json\/wp\/v2\/categories?post=634317"},{"taxonomy":"post_tag","embeddable":true,"href":"https:\/\/www.europesays.com\/fr\/wp-json\/wp\/v2\/tags?post=634317"}],"curies":[{"name":"wp","href":"https:\/\/api.w.org\/{rel}","templated":true}]}}