{"id":634320,"date":"2026-01-01T14:09:12","date_gmt":"2026-01-01T14:09:12","guid":{"rendered":"https:\/\/www.europesays.com\/fr\/634320\/"},"modified":"2026-01-01T14:09:12","modified_gmt":"2026-01-01T14:09:12","slug":"les-sejours-yoga-nouveau-filon-du-secteur-touristique","status":"publish","type":"post","link":"https:\/\/www.europesays.com\/fr\/634320\/","title":{"rendered":"les \u00ab\u00a0s\u00e9jours yoga\u00a0\u00bb, nouveau filon du secteur touristique"},"content":{"rendered":"<p>                     <img loading=\"lazy\" decoding=\"async\" src=\"https:\/\/www.europesays.com\/fr\/wp-content\/uploads\/2026\/01\/c7194c0_upload-1-9ntfggffm1jk-hemis-4575161.jpg\" alt=\"S\u00e9ance de yoga \u00e0 Ploemel (Morbihan), le 22\u00a0avril\u00a02021.\"   width=\"664\" height=\"443\"\/>    S\u00e9ance de yoga \u00e0 Ploemel (Morbihan), le 22\u00a0avril\u00a02021.  EMMANUEL BERTHIER\/HEMIS                 <\/p>\n<p class=\"article__paragraph  \">Au printemps 2024, quand Marie Ancenay, 41\u00a0ans, a d\u00e9barqu\u00e9 dans une maison de la Dr\u00f4me pour une retraite de trois jours ax\u00e9e sur le yoga, elle \u00e9tait, selon ses mots, \u00ab\u00a0en apn\u00e9e\u00a0\u00bb. Elle avait r\u00e9serv\u00e9 ce s\u00e9jour par une agence sp\u00e9cialis\u00e9e \u2013 environ 700\u00a0euros, hors transport \u2013 dans l\u2019espoir de se ressourcer.<\/p>\n<p class=\"article__paragraph  \">\u00ab\u00a0Je venais de quitter mon poste de cadre chez Danone suite \u00e0 un plan social. J\u2019\u00e9tais \u00e9puis\u00e9e. Avec deux enfants, on est vite dans un tunnel\u00a0\u00bb, explique-t-elle. Le yoga\u00a0? Elle n\u2019en avait fait que quelques cours, en dilettante. \u00ab\u00a0Je suis plut\u00f4t rationnelle. J\u2019ai surtout \u00e9t\u00e9 attir\u00e9e par le concept de ce s\u00e9jour, qui me permettait de partir seule, pas trop loin et pas trop longtemps.\u00a0\u00bb Pendant trois jours, elle y a fait du yoga, de la poterie, de la danse. Elle a mang\u00e9 des plats v\u00e9g\u00e9tariens. Discut\u00e9 avec la douzaine de participantes. \u00ab\u00a0Beaucoup \u00e9taient, comme moi, \u00e0 un moment de transition, dans leur vie personnelle ou professionnelle\u00a0\u00bb, poursuit Marie Ancenay. Elle en est sortie convaincue\u00a0: \u00ab\u00a0J\u2019ai eu l\u2019impression de trouver un nouveau souffle.\u00a0\u00bb<\/p>\n<p class=\"article__paragraph  \">Femme, cadre, soumise \u00e0 un stress important tout au long de l\u2019ann\u00e9e\u00a0: la voil\u00e0 pile dans la cible de ces nouveaux s\u00e9jours courts ax\u00e9s sur le yoga, le pilates ou la danse, qui ont \u00e9merg\u00e9 depuis cinq ans. Des formules qui s\u2019appuient sur des tendances de fond\u00a0: la charge mentale des femmes, le besoin de ralentir, de se couper des \u00e9crans. Mais aussi la part croissante de c\u00e9libataires dans la soci\u00e9t\u00e9.<\/p>\n<p class=\"reading-mode-only \"><strong>Il vous reste 81.95% de cet article \u00e0 lire. La suite est r\u00e9serv\u00e9e aux abonn\u00e9s.<\/strong><\/p>\n","protected":false},"excerpt":{"rendered":"S\u00e9ance de yoga \u00e0 Ploemel (Morbihan), le 22\u00a0avril\u00a02021. EMMANUEL BERTHIER\/HEMIS Au printemps 2024, quand Marie Ancenay, 41\u00a0ans, a&hellip;\n","protected":false},"author":2,"featured_media":634321,"comment_status":"","ping_status":"","sticky":false,"template":"","format":"standard","meta":{"footnotes":""},"categories":[1888],"tags":[1111,1928,11,1927,1777,674,1011,27,12,1926,626,1925,25],"class_list":{"0":"post-634320","1":"post","2":"type-post","3":"status-publish","4":"format-standard","5":"has-post-thumbnail","7":"category-paris","8":"tag-actu","9":"tag-actu-paris","10":"tag-actualites","11":"tag-actualites-paris","12":"tag-eu","13":"tag-europe","14":"tag-fr","15":"tag-france","16":"tag-news","17":"tag-news-paris","18":"tag-paris","19":"tag-paris-news","20":"tag-republique-francaise"},"share_on_mastodon":{"url":"https:\/\/pubeurope.com\/@fr\/115820243633459298","error":""},"_links":{"self":[{"href":"https:\/\/www.europesays.com\/fr\/wp-json\/wp\/v2\/posts\/634320","targetHints":{"allow":["GET"]}}],"collection":[{"href":"https:\/\/www.europesays.com\/fr\/wp-json\/wp\/v2\/posts"}],"about":[{"href":"https:\/\/www.europesays.com\/fr\/wp-json\/wp\/v2\/types\/post"}],"author":[{"embeddable":true,"href":"https:\/\/www.europesays.com\/fr\/wp-json\/wp\/v2\/users\/2"}],"replies":[{"embeddable":true,"href":"https:\/\/www.europesays.com\/fr\/wp-json\/wp\/v2\/comments?post=634320"}],"version-history":[{"count":0,"href":"https:\/\/www.europesays.com\/fr\/wp-json\/wp\/v2\/posts\/634320\/revisions"}],"wp:featuredmedia":[{"embeddable":true,"href":"https:\/\/www.europesays.com\/fr\/wp-json\/wp\/v2\/media\/634321"}],"wp:attachment":[{"href":"https:\/\/www.europesays.com\/fr\/wp-json\/wp\/v2\/media?parent=634320"}],"wp:term":[{"taxonomy":"category","embeddable":true,"href":"https:\/\/www.europesays.com\/fr\/wp-json\/wp\/v2\/categories?post=634320"},{"taxonomy":"post_tag","embeddable":true,"href":"https:\/\/www.europesays.com\/fr\/wp-json\/wp\/v2\/tags?post=634320"}],"curies":[{"name":"wp","href":"https:\/\/api.w.org\/{rel}","templated":true}]}}