{"id":634322,"date":"2026-01-01T14:10:11","date_gmt":"2026-01-01T14:10:11","guid":{"rendered":"https:\/\/www.europesays.com\/fr\/634322\/"},"modified":"2026-01-01T14:10:11","modified_gmt":"2026-01-01T14:10:11","slug":"paris-125-gardes-a-vue-a-paris-lors-du-nouvel-an-contre-104-lan-passe","status":"publish","type":"post","link":"https:\/\/www.europesays.com\/fr\/634322\/","title":{"rendered":"Paris : 125 gardes \u00e0 vue \u00e0 Paris lors du Nouvel an, contre 104 l\u2019an pass\u00e9"},"content":{"rendered":"<p class=\"mb-4 text-lg md:leading-8 break-words\"><strong>police &#8211; Pas moins de 125 personnes ont \u00e9t\u00e9 plac\u00e9es en garde \u00e0 vue \u00e0 Paris apr\u00e8s avoir \u00e9t\u00e9 interpell\u00e9es en marge des festivit\u00e9s du Nouvel An, contre 104 l\u2019an dernier<\/strong><\/p>\n<p class=\"mb-4 text-lg md:leading-8 break-words\">Un chiffre en hausse. Pas moins de 125 personnes ont \u00e9t\u00e9 plac\u00e9es en garde \u00e0 vue <a href=\"https:\/\/www.20minutes.fr\/diaporama\/diaporama-4193954-images-paris-arc-triomphe-brille-mille-feux-accueillir-2026?at_medium=RSS%20feed&amp;at_campaign=ynews&amp;utm_source=yahoo&amp;utm_medium=rss&amp;utm_campaign=news_feed&amp;utm_content=in_article_link\" rel=\"nofollow noopener\" target=\"_blank\" data-ylk=\"slk:\u00e0 Paris;elm:context_link;itc:0;sec:content-canvas\" class=\"link \">\u00e0 Paris<\/a> apr\u00e8s avoir <a href=\"https:\/\/www.20minutes.fr\/paris\/4193373-20251228-paris-ultras-psg-tirent-feux-artifice-pres-tour-eiffel-40-personnes-interpellees?at_medium=RSS%20feed&amp;at_campaign=ynews&amp;utm_source=yahoo&amp;utm_medium=rss&amp;utm_campaign=news_feed&amp;utm_content=in_article_link\" rel=\"nofollow noopener\" target=\"_blank\" data-ylk=\"slk:\u00e9t\u00e9 interpell\u00e9es;elm:context_link;itc:0;sec:content-canvas\" class=\"link \">\u00e9t\u00e9 interpell\u00e9es <\/a>en marge des festivit\u00e9s du <a href=\"https:\/\/www.20minutes.fr\/paris\/4193835-20251231-nouvel-an-concert-annee-spectacle-lumiere-feu-artifice-champs-elysees?at_medium=RSS%20feed&amp;at_campaign=ynews&amp;utm_source=yahoo&amp;utm_medium=rss&amp;utm_campaign=news_feed&amp;utm_content=in_article_link\" rel=\"nofollow noopener\" target=\"_blank\" data-ylk=\"slk:Nouvel An;elm:context_link;itc:0;sec:content-canvas\" class=\"link \">Nouvel An<\/a>, soit un peu plus que l\u2019ann\u00e9e derni\u00e8re o\u00f9 elles \u00e9taient 104, a indiqu\u00e9 jeudi le parquet, sollicit\u00e9 par l\u2019AFP. Le minist\u00e8re public a pr\u00e9cis\u00e9 n\u2019avoir \u00e9t\u00e9 avis\u00e9 d\u2019aucun incendie de v\u00e9hicule ni mobilier urbain dans la capitale.<\/p>\n<p class=\"mb-4 text-lg md:leading-8 break-words\">Les 125 personnes plac\u00e9es en garde \u00e0 vue sont \u00e2g\u00e9es de 17 \u00e0 53 ans. Une seule femme figure parmi elles tandis que 15 sont mineures (dont au moins trois ne rel\u00e8vent pas du parquet de Paris en raison de leur commune de r\u00e9sidence), a-t-il expliqu\u00e9. Soixante-quinze gardes \u00e0 vue ont \u00e9t\u00e9 prises avant minuit, tandis que les autres ont eu lieu essentiellement autour de 2 heures du matin.<\/p>\n<p class=\"mb-4 text-lg md:leading-8 break-words\">Parmi les 125 personnes en garde \u00e0 vue, 33 sont le sont pour violences volontaires, 15 pour participation \u00e0 groupement en vue de commettre des violences ou d\u00e9gradations, dix pour d\u00e9tention de produits psychotropes (notamment d\u00e9tention de bombonnes de protoxyde d\u2019azote) et huit pour usage de stup\u00e9fiants, a d\u00e9taill\u00e9 le parquet.<\/p>\n<p>Environ 10.000 policiers et gendarmes \u00e0 Paris et la petite couronne<\/p>\n<p class=\"mb-4 text-lg md:leading-8 break-words\">Le ministre de l\u2019Int\u00e9rieur Laurent Nu\u00f1ez avait assur\u00e9 mercredi qu&rsquo;\u00ab\u00a0aucun d\u00e9bordement\u00a0\u00bb ne serait tol\u00e9r\u00e9 pendant ce r\u00e9veillon, promettant des \u00ab\u00a0interpellations syst\u00e9matiques\u00a0\u00bb en cas de troubles. Environ 90.000 policiers et gendarmes avaient \u00e9t\u00e9 mobilis\u00e9s pour cette soir\u00e9e en France, dont 10.000 pour Paris et la petite couronne.<\/p>\n<p><a href=\"https:\/\/www.20minutes.fr\/dossier\/interpellation\" rel=\"nofollow noopener\" target=\"_blank\" data-ylk=\"slk:Le dossier Interpellation;elm:context_link;itc:0;sec:content-canvas\" class=\"link \">Le dossier Interpellation<\/a><\/p>\n<p class=\"mb-4 text-lg md:leading-8 break-words\">Mardi, d(&#8230;)<\/p>\n<p class=\"mb-4 text-lg md:leading-8 break-words\"><a href=\"https:\/\/www.20minutes.fr\/paris\/4193965-20260101-paris-125-gardes-vue-paris-lors-nouvel-an-contre-104-an-passe?at_medium=RSS%20feed&amp;at_campaign=ynews&amp;utm_source=yahoo&amp;utm_medium=rss&amp;utm_campaign=news_feed&amp;utm_content=read_more_link&quot;\" rel=\"nofollow noopener\" target=\"_blank\" data-ylk=\"slk:Lire la suite sur 20minutes;elm:context_link;itc:0;sec:content-canvas\" class=\"link \">Lire la suite sur 20minutes<\/a><\/p>\n<p>\u00c0 lire aussi :<br \/><a href=\"https:\/\/www.20minutes.fr\/monde\/4193961-20260101-pays-bas-incendie-ravage-eglise-amsterdam-lors-nouvel-an-violent?at_medium=RSS%20feed&amp;at_campaign=ynews&amp;utm_source=yahoo&amp;utm_medium=rss&amp;utm_campaign=news_feed&amp;utm_content=related_content_link\" rel=\"nofollow noopener\" target=\"_blank\" data-ylk=\"slk:Pays-Bas\u00a0: Un incendie ravage une \u00e9glise d\u2019Amsterdam lors d\u2019un nouvel an violent;elm:context_link;itc:0;sec:content-canvas\" class=\"link \">Pays-Bas\u00a0: Un incendie ravage une \u00e9glise d\u2019Amsterdam lors d\u2019un nouvel an violent<\/a><br \/><a href=\"https:\/\/www.20minutes.fr\/societe\/4193677-20251230-grand-froid-neige-quoi-attendre-semaine-nouvel-an?at_medium=RSS%20feed&amp;at_campaign=ynews&amp;utm_source=yahoo&amp;utm_medium=rss&amp;utm_campaign=news_feed&amp;utm_content=related_content_link\" rel=\"nofollow noopener\" target=\"_blank\" data-ylk=\"slk:Grand froid, neige\u2026 A quoi s\u2019attendre cette semaine de Nouvel an\u00a0?;elm:context_link;itc:0;sec:content-canvas\" class=\"link \">Grand froid, neige\u2026 A quoi s\u2019attendre cette semaine de Nouvel an\u00a0?<\/a><\/p>\n","protected":false},"excerpt":{"rendered":"police &#8211; Pas moins de 125 personnes ont \u00e9t\u00e9 plac\u00e9es en garde \u00e0 vue \u00e0 Paris apr\u00e8s avoir&hellip;\n","protected":false},"author":2,"featured_media":634323,"comment_status":"","ping_status":"","sticky":false,"template":"","format":"standard","meta":{"footnotes":""},"categories":[1888],"tags":[1111,1928,11,1927,1777,674,1011,27,12,1926,626,1925,25,13373],"class_list":{"0":"post-634322","1":"post","2":"type-post","3":"status-publish","4":"format-standard","5":"has-post-thumbnail","7":"category-paris","8":"tag-actu","9":"tag-actu-paris","10":"tag-actualites","11":"tag-actualites-paris","12":"tag-eu","13":"tag-europe","14":"tag-fr","15":"tag-france","16":"tag-news","17":"tag-news-paris","18":"tag-paris","19":"tag-paris-news","20":"tag-republique-francaise","21":"tag-vue"},"share_on_mastodon":{"url":"https:\/\/pubeurope.com\/@fr\/115820247341880016","error":""},"_links":{"self":[{"href":"https:\/\/www.europesays.com\/fr\/wp-json\/wp\/v2\/posts\/634322","targetHints":{"allow":["GET"]}}],"collection":[{"href":"https:\/\/www.europesays.com\/fr\/wp-json\/wp\/v2\/posts"}],"about":[{"href":"https:\/\/www.europesays.com\/fr\/wp-json\/wp\/v2\/types\/post"}],"author":[{"embeddable":true,"href":"https:\/\/www.europesays.com\/fr\/wp-json\/wp\/v2\/users\/2"}],"replies":[{"embeddable":true,"href":"https:\/\/www.europesays.com\/fr\/wp-json\/wp\/v2\/comments?post=634322"}],"version-history":[{"count":0,"href":"https:\/\/www.europesays.com\/fr\/wp-json\/wp\/v2\/posts\/634322\/revisions"}],"wp:featuredmedia":[{"embeddable":true,"href":"https:\/\/www.europesays.com\/fr\/wp-json\/wp\/v2\/media\/634323"}],"wp:attachment":[{"href":"https:\/\/www.europesays.com\/fr\/wp-json\/wp\/v2\/media?parent=634322"}],"wp:term":[{"taxonomy":"category","embeddable":true,"href":"https:\/\/www.europesays.com\/fr\/wp-json\/wp\/v2\/categories?post=634322"},{"taxonomy":"post_tag","embeddable":true,"href":"https:\/\/www.europesays.com\/fr\/wp-json\/wp\/v2\/tags?post=634322"}],"curies":[{"name":"wp","href":"https:\/\/api.w.org\/{rel}","templated":true}]}}