{"id":634324,"date":"2026-01-01T14:11:10","date_gmt":"2026-01-01T14:11:10","guid":{"rendered":"https:\/\/www.europesays.com\/fr\/634324\/"},"modified":"2026-01-01T14:11:10","modified_gmt":"2026-01-01T14:11:10","slug":"un-drame-a-ete-evite-de-peu-a-vitry-sur-seine-un-balcon-chute-du-treizieme-etage-des-habitants-inquiets","status":"publish","type":"post","link":"https:\/\/www.europesays.com\/fr\/634324\/","title":{"rendered":"\u00ab\u00a0Un drame a \u00e9t\u00e9 \u00e9vit\u00e9 de peu\u00a0\u00bb\u00a0: \u00e0 Vitry-sur-Seine, un balcon chute du treizi\u00e8me \u00e9tage, des habitants inquiets"},"content":{"rendered":"<p class=\"paragraph text_align_left lp-f-body-02\">Un <a href=\"https:\/\/www.leparisien.fr\/paris-75\/reclame-par-la-ville-de-paris-et-les-associations-le-plan-grand-froid-active-en-ile-de-france-28-12-2025-UTNRYSTKTFAPLD22UTGONCZ4FU.php\" target=\"_blank\" rel=\"noreferrer noopener\">froid mordan<\/a>t r\u00e8gne ce samedi 27 d\u00e9cembre et au pied de cette tour de 16 \u00e9tages du square de l\u2019Horloge, \u00e0 <a href=\"https:\/\/www.leparisien.fr\/val-de-marne-94\/vitry-sur-seine-94400\/\" target=\"_blank\" rel=\"noreferrer noopener\">Vitry-sur-Seine<\/a> (Val-de-Marne), peu de gens s\u2019attardent. Cette fois-ci, les temp\u00e9ratures glaciales de ce d\u00e9but d\u2019hiver ont peut-\u00eatre sauv\u00e9 des vies. \u00ab Un drame a \u00e9t\u00e9 \u00e9vit\u00e9 de peu \u00bb, appuie Michelle, 74 ans, les yeux pos\u00e9s sur un amas de b\u00e9ton arm\u00e9, encore bien visible ce lundi apr\u00e8s-midi derri\u00e8re les rubalises d\u00e9limitant un espace de s\u00e9curit\u00e9.<\/p>\n<p class=\"\">Voil\u00e0 tout ce qu\u2019il reste du bout de balcon ayant chut\u00e9 depuis le 13e \u00e9tage de cet immeuble de 1972, g\u00e9r\u00e9 par le bailleur Valdevy. Seules quelques voitures stationn\u00e9es au bas de l\u2019immeuble ont \u00e9t\u00e9 touch\u00e9es par des \u00e9l\u00e9ments projet\u00e9s sous la force du choc.<\/p>\n","protected":false},"excerpt":{"rendered":"Un froid mordant r\u00e8gne ce samedi 27 d\u00e9cembre et au pied de cette tour de 16 \u00e9tages du&hellip;\n","protected":false},"author":2,"featured_media":634325,"comment_status":"","ping_status":"","sticky":false,"template":"","format":"standard","meta":{"footnotes":""},"categories":[1888],"tags":[11,1777,674,1011,27,1944,12,626,25,1125],"class_list":{"0":"post-634324","1":"post","2":"type-post","3":"status-publish","4":"format-standard","5":"has-post-thumbnail","7":"category-paris","8":"tag-actualites","9":"tag-eu","10":"tag-europe","11":"tag-fr","12":"tag-france","13":"tag-ma-ville","14":"tag-news","15":"tag-paris","16":"tag-republique-francaise","17":"tag-val-de-marne"},"share_on_mastodon":{"url":"https:\/\/pubeurope.com\/@fr\/115820251289346575","error":""},"_links":{"self":[{"href":"https:\/\/www.europesays.com\/fr\/wp-json\/wp\/v2\/posts\/634324","targetHints":{"allow":["GET"]}}],"collection":[{"href":"https:\/\/www.europesays.com\/fr\/wp-json\/wp\/v2\/posts"}],"about":[{"href":"https:\/\/www.europesays.com\/fr\/wp-json\/wp\/v2\/types\/post"}],"author":[{"embeddable":true,"href":"https:\/\/www.europesays.com\/fr\/wp-json\/wp\/v2\/users\/2"}],"replies":[{"embeddable":true,"href":"https:\/\/www.europesays.com\/fr\/wp-json\/wp\/v2\/comments?post=634324"}],"version-history":[{"count":0,"href":"https:\/\/www.europesays.com\/fr\/wp-json\/wp\/v2\/posts\/634324\/revisions"}],"wp:featuredmedia":[{"embeddable":true,"href":"https:\/\/www.europesays.com\/fr\/wp-json\/wp\/v2\/media\/634325"}],"wp:attachment":[{"href":"https:\/\/www.europesays.com\/fr\/wp-json\/wp\/v2\/media?parent=634324"}],"wp:term":[{"taxonomy":"category","embeddable":true,"href":"https:\/\/www.europesays.com\/fr\/wp-json\/wp\/v2\/categories?post=634324"},{"taxonomy":"post_tag","embeddable":true,"href":"https:\/\/www.europesays.com\/fr\/wp-json\/wp\/v2\/tags?post=634324"}],"curies":[{"name":"wp","href":"https:\/\/api.w.org\/{rel}","templated":true}]}}