{"id":634328,"date":"2026-01-01T14:13:15","date_gmt":"2026-01-01T14:13:15","guid":{"rendered":"https:\/\/www.europesays.com\/fr\/634328\/"},"modified":"2026-01-01T14:13:15","modified_gmt":"2026-01-01T14:13:15","slug":"une-frappe-de-drone-ukrainienne-a-fait-24-morts-en-ukraine-occupee-selon-la-russie","status":"publish","type":"post","link":"https:\/\/www.europesays.com\/fr\/634328\/","title":{"rendered":"Une frappe de drone ukrainienne a fait 24 morts en Ukraine occup\u00e9e, selon la Russie"},"content":{"rendered":"<p class=\"mb-4 text-lg md:leading-8 break-words\">Des responsables russes ont annonc\u00e9 jeudi qu&rsquo;une frappe de drone ukrainienne avait tu\u00e9 24 personnes et en avait bless\u00e9 au moins 50 autres alors qu&rsquo;elles c\u00e9l\u00e9braient le Nouvel An dans un village occup\u00e9 par la Russie, dans la r\u00e9gion de Kherson, en Ukraine.<\/p>\n<p class=\"mb-4 text-lg md:leading-8 break-words\">Les tensions entre les deux pays continuent de s&rsquo;exacerber malgr\u00e9 les \u00e9loges des diplomates concernant les pourparlers de paix constructifs.<\/p>\n<p class=\"mb-4 text-lg md:leading-8 break-words\">Trois drones ont frapp\u00e9 un caf\u00e9 et un h\u00f4tel de la station baln\u00e9aire de Khorly, sur la c\u00f4te de la mer Noire, a indiqu\u00e9 Vladimir Saldo, dirigeant de la r\u00e9gion nomm\u00e9 par Moscou, dans un communiqu\u00e9 diffus\u00e9 sur Telegram. Il a pr\u00e9cis\u00e9 que l&rsquo;un des drones transportait un m\u00e9lange incendiaire, provoquant un brasier.<\/p>\n<p class=\"mb-4 text-lg md:leading-8 break-words\">Les autorit\u00e9s ukrainiennes n&rsquo;ont pas imm\u00e9diatement comment\u00e9 cette information. L&rsquo;Associated Press n&rsquo;a pas pu v\u00e9rifier l&rsquo;attaque de mani\u00e8re ind\u00e9pendante.<\/p>\n<p class=\"mb-4 text-lg md:leading-8 break-words\">L&rsquo;attaque a \u00e9t\u00e9 condamn\u00e9e par plusieurs responsables russes. Valentina Matvienko, pr\u00e9sidente du Conseil de la F\u00e9d\u00e9ration, la chambre haute du Parlement russe, a mentionn\u00e9 que cette frappe \u00abrenfor\u00e7ait\u00bb la d\u00e9termination de la Russie \u00e0 atteindre rapidement ses objectifs dans son invasion de l&rsquo;Ukraine, qui dure depuis pr\u00e8s de quatre ans.<\/p>\n<p class=\"mb-4 text-lg md:leading-8 break-words\">\u00abCette frappe d\u00e9montre une fois de plus la validit\u00e9 de nos revendications initiales\u00bb, a soulign\u00e9 Mme Matviyenko.<\/p>\n<p class=\"mb-4 text-lg md:leading-8 break-words\">Cette d\u00e9claration fait suite aux affirmations de Moscou selon lesquelles l&rsquo;Ukraine aurait men\u00e9 une attaque de drone \u00e0 longue port\u00e9e contre l&rsquo;une des r\u00e9sidences officielles du pr\u00e9sident russe Vladimir Poutine, dans le nord-ouest de la Russie, mardi. Kyiv a qualifi\u00e9 ces affirmations de \u00abmensonge\u00bb.<\/p>\n<p class=\"mb-4 text-lg md:leading-8 break-words\">Le minist\u00e8re russe de la D\u00e9fense a diffus\u00e9 mercredi une vid\u00e9o d&rsquo;un drone abattu, qu&rsquo;il affirme \u00eatre impliqu\u00e9 dans l&rsquo;attaque.<\/p>\n<p class=\"mb-4 text-lg md:leading-8 break-words\">La vid\u00e9o, film\u00e9e de nuit, montre un homme en tenue de camouflage, casqu\u00e9 et portant un gilet pare-balles, debout pr\u00e8s d&rsquo;un drone endommag\u00e9, gisant dans la neige. L&rsquo;homme, le visage dissimul\u00e9, parle du drone. Ni l&rsquo;homme ni le minist\u00e8re de la D\u00e9fense n&rsquo;ont fourni de lieu ni de date.<\/p>\n<p class=\"mb-4 text-lg md:leading-8 break-words\">La vid\u00e9o et les affirmations n&rsquo;ont pu \u00eatre v\u00e9rifi\u00e9es de mani\u00e8re ind\u00e9pendante.<\/p>\n<p class=\"mb-4 text-lg md:leading-8 break-words\"><b>Tensions croissantes<\/b><\/p>\n<p class=\"mb-4 text-lg md:leading-8 break-words\">Kyiv a qualifi\u00e9 les all\u00e9gations d&rsquo;attaque contre la r\u00e9sidence de M. Poutine de man\u0153uvres visant \u00e0 faire d\u00e9railler les n\u00e9gociations de paix en cours, qui se sont intensifi\u00e9es ces derni\u00e8res semaines des deux c\u00f4t\u00e9s de l&rsquo;Atlantique.<\/p>\n<p class=\"mb-4 text-lg md:leading-8 break-words\">Dans son discours du Nouvel An, le pr\u00e9sident ukrainien, Volodymyr Zelensky, a d\u00e9clar\u00e9 qu&rsquo;un accord de paix \u00e9tait \u00abpr\u00eat \u00e0 90 %\u00bb, mais a averti que les 10 % restants, qui comprendraient des points de blocage majeurs, tels que le territoire, \u00abd\u00e9termineraient le sort de la paix, le sort de l&rsquo;Ukraine et de l&rsquo;Europe, et la vie des populations\u00bb.<\/p>\n<p class=\"mb-4 text-lg md:leading-8 break-words\">L&rsquo;envoy\u00e9 sp\u00e9cial de Donald Trump, Steve Witkoff, a mentionn\u00e9 mercredi que lui-m\u00eame, le secr\u00e9taire d&rsquo;\u00c9tat Marco Rubio et le gendre et conseiller de M. Trump, Jared Kushner, avaient eu un \u00abentretien t\u00e9l\u00e9phonique productif\u00bb avec les conseillers \u00e0 la s\u00e9curit\u00e9 nationale du Royaume-Uni, de la France, de l&rsquo;Allemagne et de l&rsquo;Ukraine \u00abafin de discuter des prochaines \u00e9tapes du processus de paix europ\u00e9en\u00bb.<\/p>\n<p class=\"mb-4 text-lg md:leading-8 break-words\">Le n\u00e9gociateur ukrainien en chef, Roustem Oumierov, a \u00e9galement r\u00e9affirm\u00e9 que des responsables europ\u00e9ens et ukrainiens pr\u00e9voyaient de se rencontrer samedi, tandis que M. Zelensky doit s&rsquo;entretenir la semaine prochaine avec des dirigeants europ\u00e9ens.<\/p>\n<p class=\"mb-4 text-lg md:leading-8 break-words\">Ailleurs en Ukraine, la Russie a attaqu\u00e9 la r\u00e9gion d&rsquo;Odessa dans la nuit, ciblant des infrastructures civiles lors de plusieurs vagues d&rsquo;attaques de drones, selon le responsable r\u00e9gional Oleh Kiper.<\/p>\n<p class=\"mb-4 text-lg md:leading-8 break-words\">Dans un message publi\u00e9 sur Telegram, M. Kiper a indiqu\u00e9 qu&rsquo;un immeuble r\u00e9sidentiel de deux \u00e9tages avait \u00e9t\u00e9 endommag\u00e9 et qu&rsquo;un drone avait touch\u00e9 un appartement au 17e \u00e9tage d&rsquo;un immeuble de grande hauteur sans exploser. Aucun bless\u00e9 n&rsquo;a \u00e9t\u00e9 signal\u00e9.<\/p>\n<p class=\"mb-4 text-lg md:leading-8 break-words\">Dans son rapport quotidien, l&rsquo;arm\u00e9e de l&rsquo;air ukrainienne a d\u00e9clar\u00e9 que les forces de d\u00e9fense a\u00e9rienne avaient abattu ou neutralis\u00e9 176 des 205 drones qui ont cibl\u00e9 le pays pendant la nuit. Selon les autorit\u00e9s russes, 24 frappes de drones ont \u00e9t\u00e9 recens\u00e9es sur 15 sites et l&rsquo;attaque \u00e9tait toujours en cours.<\/p>\n<p class=\"mb-4 text-lg md:leading-8 break-words\">Illia Novikov, The Associated Press<\/p>\n","protected":false},"excerpt":{"rendered":"Des responsables russes ont annonc\u00e9 jeudi qu&rsquo;une frappe de drone ukrainienne avait tu\u00e9 24 personnes et en avait&hellip;\n","protected":false},"author":2,"featured_media":634329,"comment_status":"","ping_status":"","sticky":false,"template":"","format":"standard","meta":{"footnotes":""},"categories":[1591],"tags":[11,564,1887,2794,74254,1876,12,1885,1886,132,220],"class_list":{"0":"post-634328","1":"post","2":"type-post","3":"status-publish","4":"format-standard","5":"has-post-thumbnail","7":"category-russie","8":"tag-actualites","9":"tag-drone","10":"tag-federation-de-russie","11":"tag-la-region","12":"tag-le-ministere-russe-de-la-defense","13":"tag-ministere-de-la-defense","14":"tag-news","15":"tag-russia","16":"tag-russian-federation","17":"tag-russie","18":"tag-ukraine"},"share_on_mastodon":{"url":"https:\/\/pubeurope.com\/@fr\/115820259374159877","error":""},"_links":{"self":[{"href":"https:\/\/www.europesays.com\/fr\/wp-json\/wp\/v2\/posts\/634328","targetHints":{"allow":["GET"]}}],"collection":[{"href":"https:\/\/www.europesays.com\/fr\/wp-json\/wp\/v2\/posts"}],"about":[{"href":"https:\/\/www.europesays.com\/fr\/wp-json\/wp\/v2\/types\/post"}],"author":[{"embeddable":true,"href":"https:\/\/www.europesays.com\/fr\/wp-json\/wp\/v2\/users\/2"}],"replies":[{"embeddable":true,"href":"https:\/\/www.europesays.com\/fr\/wp-json\/wp\/v2\/comments?post=634328"}],"version-history":[{"count":0,"href":"https:\/\/www.europesays.com\/fr\/wp-json\/wp\/v2\/posts\/634328\/revisions"}],"wp:featuredmedia":[{"embeddable":true,"href":"https:\/\/www.europesays.com\/fr\/wp-json\/wp\/v2\/media\/634329"}],"wp:attachment":[{"href":"https:\/\/www.europesays.com\/fr\/wp-json\/wp\/v2\/media?parent=634328"}],"wp:term":[{"taxonomy":"category","embeddable":true,"href":"https:\/\/www.europesays.com\/fr\/wp-json\/wp\/v2\/categories?post=634328"},{"taxonomy":"post_tag","embeddable":true,"href":"https:\/\/www.europesays.com\/fr\/wp-json\/wp\/v2\/tags?post=634328"}],"curies":[{"name":"wp","href":"https:\/\/api.w.org\/{rel}","templated":true}]}}