{"id":634334,"date":"2026-01-01T14:16:15","date_gmt":"2026-01-01T14:16:15","guid":{"rendered":"https:\/\/www.europesays.com\/fr\/634334\/"},"modified":"2026-01-01T14:16:15","modified_gmt":"2026-01-01T14:16:15","slug":"au-royaume-uni-le-nombre-darrivees-de-migrants-par-la-manche-en-2025-est-le-deuxieme-plus-haut-jamais-enregistre","status":"publish","type":"post","link":"https:\/\/www.europesays.com\/fr\/634334\/","title":{"rendered":"Au\u00a0Royaume-Uni, le nombre d\u2019arriv\u00e9es de migrants par la Manche en 2025 est le deuxi\u00e8me plus haut jamais enregistr\u00e9"},"content":{"rendered":"<p>Le nombre de migrants arriv\u00e9s en 2025 sur les c\u00f4tes britanniques \u00e0 bord de petites embarcations est le deuxi\u00e8me plus \u00e9lev\u00e9 enregistr\u00e9 depuis le d\u00e9but des relev\u00e9s en 2018, indiquent des statistiques du gouvernement britannique publi\u00e9es ce jeudi.<\/p>\n<p>L\u2019an pass\u00e9, 41 472 migrants ont entrepris la travers\u00e9e p\u00e9rilleuse de la Manche depuis la France, soit le deuxi\u00e8me nombre le plus \u00e9lev\u00e9 apr\u00e8s le record de 45 774 enregistr\u00e9 en 2022, selon les donn\u00e9es du minist\u00e8re britannique de l\u2019int\u00e9rieur.<\/p>\n<p>Au moins 29 morts<\/p>\n<p>Ces travers\u00e9es occasionnent de nombreux naufrages. <a href=\"https:\/\/www.letelegramme.fr\/france\/une-femme-meurt-dans-la-manche-en-tentant-de-gagner-langleterre-par-la-mer-6870516.php\" target=\"_blank\" rel=\"noopener\">Au moins 29 migrants ont p\u00e9ri<\/a> en mer pendant l\u2019ann\u00e9e \u00e9coul\u00e9e, selon un comptage effectu\u00e9 par l\u2019AFP \u00e0 partir de sources officielles fran\u00e7aises et britanniques.<\/p>\n<p>La hausse du nombre des arriv\u00e9es est une mauvaise nouvelle pour le gouvernement du Premier ministre, Keir Starmer, qui a pris ses fonctions en juillet 2024 et est confront\u00e9 \u00e0 la mont\u00e9e du parti anti-immigration Reform UK de Nigel Farage.<\/p>\n<p>Ce dernier caracole en t\u00eate des sondages d\u2019opinion depuis plusieurs mois et compte capitaliser sur l\u2019impopularit\u00e9 de l\u2019ex\u00e9cutif pour engranger de nouveaux succ\u00e8s aux \u00e9lections locales de mai prochain.<\/p>\n<p>\u00ab Si nous r\u00e9ussissons (lors de ce scrutin), nous continuerons sur notre lanc\u00e9e et remporterons les \u00e9lections \u00bb l\u00e9gislatives, pr\u00e9vues au plus tard pour 2029, a lanc\u00e9, ce mercredi, l\u2019ancien champion du Brexit \u00e0 l\u2019occasion de son message de Nouvel An.<\/p>\n<p>Le pr\u00e9c\u00e9dent gouvernement, celui conservateur de Rishi Sunak, avait promis, sans succ\u00e8s, d&rsquo;\u00ab arr\u00eater les bateaux \u00bb. Keir Starmer s\u2019est quant \u00e0 lui engag\u00e9 \u00e0 \u00ab d\u00e9manteler les gangs \u00bb de passeurs, sans plus de r\u00e9sultats jusqu\u2019\u00e0 pr\u00e9sent.<\/p>\n<p>\u00ab Faciliter le renvoi de migrants ill\u00e9gaux \u00bb<\/p>\n<p>L\u2019ex\u00e9cutif travailliste a annonc\u00e9 une s\u00e9rie de mesures restrictives en mati\u00e8re d\u2019immigration et de droit d\u2019asile, alors que les demandes d\u2019asile ont atteint un niveau record : plus de 110 000 sur la p\u00e9riode octobre 2024-septembre 2025.<\/p>\n<p>Il a conclu l\u2019\u00e9t\u00e9 dernier avec la France un accord consistant \u00e0 renvoyer vers ce pays les migrants arriv\u00e9s \u00e0 bord de petites embarcations, en \u00e9change de l\u2019accueil par le Royaume-Uni, dans le cadre d\u2019une voie d\u2019admission l\u00e9gale, de migrants se trouvant sur le territoire fran\u00e7ais.<\/p>\n<p>Ce m\u00e9canisme, contest\u00e9 par les organisations de d\u00e9fense des droits humains, n\u2019a pour l\u2019instant pas dissuad\u00e9 les candidats aux travers\u00e9es.<\/p>\n<p>Il a jusqu\u2019ici d\u00e9bouch\u00e9 sur le retour forc\u00e9 vers la France de 153 personnes et l\u2019admission par le Royaume-Uni de 134 autres, selon les donn\u00e9es communiqu\u00e9es mercredi par le Home Office.<\/p>\n<p>\u00ab Nous r\u00e9formons notre syst\u00e8me d\u2019immigration pour faciliter le renvoi de migrants ill\u00e9gaux qui n\u2019ont pas le droit d\u2019\u00eatre ici \u00bb, a \u00e9crit le secr\u00e9taire d\u2019\u00c9tat charg\u00e9 de la s\u00e9curit\u00e9 des fronti\u00e8res, Alex Norris, dans un communiqu\u00e9 transmis \u00e0 l\u2019AFP. \u00ab Notre message est clair : si vous essayez de revenir au Royaume-Uni, vous serez renvoy\u00e9 \u00bb, a-t-il ajout\u00e9.<\/p>\n","protected":false},"excerpt":{"rendered":"Le nombre de migrants arriv\u00e9s en 2025 sur les c\u00f4tes britanniques \u00e0 bord de petites embarcations est le&hellip;\n","protected":false},"author":2,"featured_media":634335,"comment_status":"","ping_status":"","sticky":false,"template":"","format":"standard","meta":{"footnotes":""},"categories":[1588],"tags":[11,765,1777,674,1061,1251,74,12,473,1853,801,1851,1850,1852],"class_list":{"0":"post-634334","1":"post","2":"type-post","3":"status-publish","4":"format-standard","5":"has-post-thumbnail","7":"category-royaume-uni","8":"tag-actualites","9":"tag-en-continu","10":"tag-eu","11":"tag-europe","12":"tag-immigration","13":"tag-migrants","14":"tag-monde","15":"tag-news","16":"tag-royaume-uni","17":"tag-royaume-uni-de-grande-bretagne-et-dirlande-du-nord","18":"tag-social","19":"tag-uk","20":"tag-united-kingdom","21":"tag-united-kingdom-of-great-britain-and-northern-ireland"},"share_on_mastodon":{"url":"https:\/\/pubeurope.com\/@fr\/115820270985919492","error":""},"_links":{"self":[{"href":"https:\/\/www.europesays.com\/fr\/wp-json\/wp\/v2\/posts\/634334","targetHints":{"allow":["GET"]}}],"collection":[{"href":"https:\/\/www.europesays.com\/fr\/wp-json\/wp\/v2\/posts"}],"about":[{"href":"https:\/\/www.europesays.com\/fr\/wp-json\/wp\/v2\/types\/post"}],"author":[{"embeddable":true,"href":"https:\/\/www.europesays.com\/fr\/wp-json\/wp\/v2\/users\/2"}],"replies":[{"embeddable":true,"href":"https:\/\/www.europesays.com\/fr\/wp-json\/wp\/v2\/comments?post=634334"}],"version-history":[{"count":0,"href":"https:\/\/www.europesays.com\/fr\/wp-json\/wp\/v2\/posts\/634334\/revisions"}],"wp:featuredmedia":[{"embeddable":true,"href":"https:\/\/www.europesays.com\/fr\/wp-json\/wp\/v2\/media\/634335"}],"wp:attachment":[{"href":"https:\/\/www.europesays.com\/fr\/wp-json\/wp\/v2\/media?parent=634334"}],"wp:term":[{"taxonomy":"category","embeddable":true,"href":"https:\/\/www.europesays.com\/fr\/wp-json\/wp\/v2\/categories?post=634334"},{"taxonomy":"post_tag","embeddable":true,"href":"https:\/\/www.europesays.com\/fr\/wp-json\/wp\/v2\/tags?post=634334"}],"curies":[{"name":"wp","href":"https:\/\/api.w.org\/{rel}","templated":true}]}}