{"id":634338,"date":"2026-01-01T14:18:13","date_gmt":"2026-01-01T14:18:13","guid":{"rendered":"https:\/\/www.europesays.com\/fr\/634338\/"},"modified":"2026-01-01T14:18:13","modified_gmt":"2026-01-01T14:18:13","slug":"pourquoi-leurope-de-2026-na-pas-besoin-de-souhaits-mais-dune-strategie-de-survie","status":"publish","type":"post","link":"https:\/\/www.europesays.com\/fr\/634338\/","title":{"rendered":"Pourquoi l&rsquo;Europe de 2026 n&rsquo;a pas besoin de souhaits, mais d&rsquo;une strat\u00e9gie de survie"},"content":{"rendered":"<p class=\"mb-4 text-lg md:leading-8 break-words\">Alors que des millions d&rsquo;Europ\u00e9ens prolongent ces jours-ci leur contrat avec une salle de sport ou s&rsquo;adonnent au <a href=\"https:\/\/fr.euronews.com\/my-europe\/2025\/01\/09\/comment-le-dry-january-est-il-percu-en-europe\" rel=\"nofollow noopener\" target=\"_blank\" data-ylk=\"slk:&quot;Dry January&quot;;elm:context_link;itc:0;sec:content-canvas\" class=\"link \">\u00ab\u00a0Dry January\u00a0\u00bb<\/a>, ce rituel d&rsquo;auto-optimisation priv\u00e9e semble \u00e9trangement hors du temps \u00e0 l&rsquo;approche de la nouvelle ann\u00e9e 2025\/26.<\/p>\n<p class=\"mb-4 text-lg md:leading-8 break-words\">2025 n&rsquo;a pas \u00e9t\u00e9 simplement une nouvelle ann\u00e9e turbulente dans les livres d&rsquo;histoire, mais l&rsquo;ann\u00e9e o\u00f9 l&rsquo;ancien ordre mondial a \u00e9t\u00e9 d\u00e9finitivement enterr\u00e9.<\/p>\n<p class=\"mb-4 text-lg md:leading-8 break-words\">Si l&rsquo;on regarde honn\u00eatement en arri\u00e8re le 1er janvier 2026, on se rend compte que les bonnes intentions ne suffisent plus &#8211; il faut une strat\u00e9gie de survie.<\/p>\n<p class=\"mb-4 text-lg md:leading-8 break-words\">Les \u00e9v\u00e9nements de l&rsquo;ann\u00e9e derni\u00e8re &#8211; des d\u00e9placements tectoniques du \u00ab\u00a0jour de la lib\u00e9ration\u00a0\u00bb en avril \u00e0 l&rsquo;attaque ouverte contre l&rsquo;ind\u00e9pendance de la R\u00e9serve f\u00e9d\u00e9rale am\u00e9ricaine &#8211; ont \u00e9t\u00e9 le coup de semonce final pour le Vieux Continent.<\/p>\n<p><img alt=\"Trump s'exprime lors d'un \u00e9v\u00e9nement annon\u00e7ant de nouveaux droits de douane dans la roseraie de la Maison Blanche, le 2 avril 2025 \u00e0 Washington.\" loading=\"lazy\" width=\"808\" height=\"454\" decoding=\"async\" data-nimg=\"1\" class=\"rounded-lg\" style=\"color:transparent\" src=\"https:\/\/www.europesays.com\/fr\/wp-content\/uploads\/2026\/01\/7c85bf75961167e66ff481b06a87c3c4.jpeg\"\/><\/p>\n<p> Trump s&rsquo;exprime lors d&rsquo;un \u00e9v\u00e9nement annon\u00e7ant de nouveaux droits de douane dans la roseraie de la Maison Blanche, le 2 avril 2025 \u00e0 Washington.   &#8211; Mark Schiefelbein\/Copyright 2025 The AP. All rights reserved. <\/p>\n<p class=\"mb-4 text-lg md:leading-8 break-words\">Le message que beaucoup \u00e0 Berlin, Bruxelles et Paris ne veulent toujours pas entendre est le suivant : l&rsquo;Occident tel que nous le connaissions n&rsquo;existe plus.<\/p>\n<p class=\"mb-4 text-lg md:leading-8 break-words\">Pour l&rsquo;ann\u00e9e politique et \u00e9conomique 2026, cela signifie un recalibrage radical : le temps de la na\u00efvet\u00e9 strat\u00e9gique est r\u00e9volu.<\/p>\n<blockquote class=\"mb-4 border-l-2 pl-5 italic text-tertiary\">\n<p class=\"mb-4 text-lg md:leading-8 break-words\">Le temps de la na\u00efvet\u00e9 strat\u00e9gique est r\u00e9volu<\/p>\n<\/blockquote>\n<p class=\"mb-4 text-lg md:leading-8 break-words\">Nous ne pouvons plus nous permettre de prendre des r\u00e9solutions du Nouvel An qui seront d\u00e9j\u00e0 oubli\u00e9es en f\u00e9vrier.<\/p>\n<p class=\"mb-4 text-lg md:leading-8 break-words\">Ce dont l&rsquo;Europe a besoin maintenant, c&rsquo;est d&rsquo;un regard impitoyable sur la r\u00e9alit\u00e9 &#8211; et de la volont\u00e9 de dire adieu \u00e0 trois illusions confortables qui nous ont trop longtemps berc\u00e9s dans une fausse s\u00e9curit\u00e9.<\/p>\n<p>Illusion 1 : \u00ab\u00a0Les \u00c9tats-Unis reviennent\u00a0\u00bb.<\/p>\n<p class=\"mb-4 text-lg md:leading-8 break-words\">En Europe, regarder l&rsquo;Atlantique avec espoir est devenu un r\u00e9flexe politique. En 2026, nous devons apprendre \u00e0 r\u00e9primer ce r\u00e9flexe. Croire que la relation transatlantique va revenir \u00e0 la normale des ann\u00e9es 1990 apr\u00e8s une br\u00e8ve p\u00e9riode d&rsquo;irritation est dangereux et paralysant.<\/p>\n<p class=\"mb-4 text-lg md:leading-8 break-words\">Le march\u00e9 des capitaux, souvent l&rsquo;indicateur le plus honn\u00eate des r\u00e9alit\u00e9s g\u00e9opolitiques, a vot\u00e9 depuis longtemps. L&rsquo;or a augment\u00e9 d&rsquo;environ 60 pour cent en 2025, tandis que les investisseurs mondiaux se sont de plus en plus retir\u00e9s des positions en dollars et ont r\u00e9organis\u00e9 leur exposition aux valeurs refuges.<\/p>\n<p class=\"mb-4 text-lg md:leading-8 break-words\">Il ne s&rsquo;agit pas d&rsquo;un simple bruit cyclique, mais d&rsquo;un vote de d\u00e9fiance structurel \u00e0 l&rsquo;\u00e9gard de l&rsquo;ancienne monnaie de r\u00e9f\u00e9rence. Pour l&rsquo;Europe, cela signifie que 2026 doit \u00eatre l&rsquo;ann\u00e9e de l&rsquo;\u00e9mancipation en mati\u00e8re de politique financi\u00e8re et de s\u00e9curit\u00e9.<\/p>\n<blockquote class=\"mb-4 border-l-2 pl-5 italic text-tertiary\">\n<p class=\"mb-4 text-lg md:leading-8 break-words\">2026 doit \u00eatre l&rsquo;ann\u00e9e de l&rsquo;\u00e9mancipation financi\u00e8re et de la politique de s\u00e9curit\u00e9<\/p>\n<\/blockquote>\n<p class=\"mb-4 text-lg md:leading-8 break-words\">Nous devons apprendre \u00e0 nager sans le \u00ab\u00a0grand fr\u00e8re\u00a0\u00bb. Cela ne signifie pas l&rsquo;anti-am\u00e9ricanisme, mais la souverainet\u00e9.<\/p>\n<p class=\"mb-4 text-lg md:leading-8 break-words\">Un <a href=\"https:\/\/fr.news.yahoo.com\/lallemagne-jour-%C3%A0-t%C3%AAte-lotan-135323657.html\" data-ylk=\"slk:pilier europ\u00e9en;elm:context_link;itc:0;sec:content-canvas;outcm:mb_qualified_link;_E:mb_qualified_link;ct:story;\" class=\"link  yahoo-link\" target=\"_blank\" rel=\"noopener\">pilier europ\u00e9en <\/a>digne de ce nom au sein de l&rsquo;OTAN et une zone euro avec des march\u00e9s de capitaux approfondis, capable d&rsquo;absorber de mani\u00e8re autonome les chocs venus d&rsquo;outre-Atlantique, ne sont plus des projets \u00ab\u00a0nice-to-have\u00a0\u00bb. Ils sont l&rsquo;assurance-vie de notre mod\u00e8le.<\/p>\n<p>Illusion 2 : \u00ab\u00a0Le march\u00e9 s&rsquo;occupe de la Chine\u00a0\u00bb.<\/p>\n<p class=\"mb-4 text-lg md:leading-8 break-words\">Pendant des d\u00e9cennies, le mantra en Allemagne et en Europe \u00e9tait : \u00ab\u00a0Le changement par le commerce\u00a0\u00bb.<\/p>\n<p class=\"mb-4 text-lg md:leading-8 break-words\">On pensait qu&rsquo;avec suffisamment d&rsquo;exportations, les syst\u00e8mes finiraient par s&rsquo;aligner. 2025 a d\u00e9finitivement d\u00e9menti cet espoir. La concurrence avec la Chine n&rsquo;est pas une lutte normale pour les parts de march\u00e9, mais une concurrence d&rsquo;\u00e9viction syst\u00e9mique.<\/p>\n<p class=\"mb-4 text-lg md:leading-8 break-words\">Lorsque l&rsquo;innovation na\u00eet \u00e0 Shenzhen \u00e0 une cadence dont l&rsquo;Europe ne peut que r\u00eaver, ce n&rsquo;est pas une invitation \u00e0 une concurrence loyale, mais une tentative de prise de contr\u00f4le technologique. Parall\u00e8lement, l&rsquo;escalade des droits de douane am\u00e9ricains l&rsquo;ann\u00e9e derni\u00e8re a fait vaciller l&rsquo;ordre commercial mondial et a pouss\u00e9 l&rsquo;Europe entre deux feux.<\/p>\n<p class=\"mb-4 text-lg md:leading-8 break-words\">En 2026, la r\u00e9ponse europ\u00e9enne \u00e0 cette situation doit cesser d&rsquo;\u00eatre larmoyante. Nous devons cesser de consid\u00e9rer la politique industrielle comme un p\u00e9ch\u00e9 de l&rsquo;\u00e9conomie de march\u00e9. Cette ann\u00e9e, un soutien cibl\u00e9 aux technologies cl\u00e9s telles que l&rsquo;e-mobilit\u00e9, la robotique et l&rsquo;intelligence artificielle n&rsquo;est pas une \u00ab\u00a0subvention\u00a0\u00bb classique, mais une l\u00e9gitime d\u00e9fense.<\/p>\n<p class=\"mb-4 text-lg md:leading-8 break-words\">Si l&rsquo;on veut que <a href=\"https:\/\/fr.news.yahoo.com\/larmement-made-in-germany-pourquoi-145508111.html\" data-ylk=\"slk:le &quot;Made in Germany&quot;;elm:context_link;itc:0;sec:content-canvas;outcm:mb_qualified_link;_E:mb_qualified_link;ct:story;\" class=\"link  yahoo-link\" target=\"_blank\" rel=\"noopener\">le \u00ab\u00a0Made in Germany\u00a0\u00bb<\/a> ou le \u00ab\u00a0Made in Europe\u00a0\u00bb ait encore du poids en 2036, il faut regagner une autonomie strat\u00e9gique sur les cha\u00eenes d&rsquo;approvisionnement et les capacit\u00e9s de production.<\/p>\n<p class=\"mb-4 text-lg md:leading-8 break-words\">Le march\u00e9 r\u00e8gle beaucoup de choses &#8211; mais il ne r\u00e8gle pas la g\u00e9opolitique.<\/p>\n<p>Illusion 3 : \u00ab\u00a0L&rsquo;IA prend mon travail en charge\u00a0\u00bb.<\/p>\n<p class=\"mb-4 text-lg md:leading-8 break-words\">Alors que l&rsquo;Europe agit de mani\u00e8re trop h\u00e9sitante au niveau macro\u00e9conomique, l&rsquo;hyst\u00e9rie r\u00e8gne souvent au niveau individuel.<\/p>\n<p class=\"mb-4 text-lg md:leading-8 break-words\">La peur que l&rsquo;intelligence artificielle (IA) d\u00e9truise des emplois en masse ignore la r\u00e9alit\u00e9 d\u00e9mographique du continent : l&rsquo;Europe r\u00e9tr\u00e9cit, le goulet d&rsquo;\u00e9tranglement est la main-d&rsquo;\u0153uvre, pas les emplois. La p\u00e9nurie de main-d&rsquo;\u0153uvre nous accompagnera au-del\u00e0 de la nouvelle ann\u00e9e, que nous le voulions ou non.<\/p>\n<blockquote class=\"mb-4 border-l-2 pl-5 italic text-tertiary\">\n<p class=\"mb-4 text-lg md:leading-8 break-words\">Se reposer sur ses lauriers, c&rsquo;est perdre<\/p>\n<\/blockquote>\n<p class=\"mb-4 text-lg md:leading-8 break-words\">Mais l\u00e0 encore, celui qui se repose sur ses lauriers est perdant. 2026 sera l&rsquo;ann\u00e9e des sp\u00e9cialistes. L&rsquo;IA n&rsquo;est pas un tueur d&#8217;emplois, mais un tueur de m\u00e9diocrit\u00e9. Elle punit la m\u00e9diocrit\u00e9 et r\u00e9compense l&rsquo;excellence. Celui qui effectue des t\u00e2ches g\u00e9n\u00e9ralistes, qu&rsquo;un algorithme prend en charge plus rapidement et \u00e0 moindre co\u00fbt, se retrouve sous pression. En revanche, ceux qui combinent une profonde expertise humaine &#8211; que ce soit dans l&rsquo;artisanat, la strat\u00e9gie, les soins ou la recherche &#8211; et la technologie font partie des gagnants.<\/p>\n<p class=\"mb-4 text-lg md:leading-8 break-words\">Pour les syst\u00e8mes de formation et les entreprises, cela signifie qu&rsquo;il faut s&rsquo;\u00e9loigner de la formation de larges g\u00e9n\u00e9ralistes et favoriser les \u00ab\u00a0deep skills\u00a0\u00bb.<\/p>\n<p class=\"mb-4 text-lg md:leading-8 break-words\">La technologie est le levier qui permet \u00e0 l&rsquo;Europe de maintenir sa prosp\u00e9rit\u00e9 malgr\u00e9 une population en baisse &#8211; mais seulement si le continent la ma\u00eetrise et ne se contente pas de la consommer.<\/p>\n<p class=\"mb-4 text-lg md:leading-8 break-words\">Le mot d&rsquo;ordre : l&rsquo;autonomie strat\u00e9gique<\/p>\n<p>Quelles sont les cons\u00e9quences de la fin de ces trois illusions ?<\/p>\n<p class=\"mb-4 text-lg md:leading-8 break-words\">Le mot d&rsquo;ordre pour 2026 ne peut pas \u00eatre \u00ab\u00a0croissance \u00e0 tout prix\u00a0\u00bb ou \u00ab\u00a0retour \u00e0 la normale\u00a0\u00bb. Il doit \u00eatre l&rsquo;autonomie strat\u00e9gique.<\/p>\n<p class=\"mb-4 text-lg md:leading-8 break-words\">L&rsquo;Europe ne peut compter que sur elle-m\u00eame : ni Washington ni P\u00e9kin ne sauveront le continent, tous deux poursuivent leurs int\u00e9r\u00eats nationaux avec une fermet\u00e9 que l&rsquo;Europe doit r\u00e9apprendre.<\/p>\n<p class=\"mb-4 text-lg md:leading-8 break-words\">Cela semble sombre, mais ce n&rsquo;est pas du pessimisme, c&rsquo;est du r\u00e9alisme &#8211; et le r\u00e9alisme est le premier pas vers la force.<\/p>\n<p class=\"mb-4 text-lg md:leading-8 break-words\">L&rsquo;Europe dispose d&rsquo;une immense substance : l&rsquo;un des plus grands march\u00e9s int\u00e9rieurs du monde, des ressources intellectuelles, une puissance financi\u00e8re et une histoire de r\u00e9silience. 2026 est l&rsquo;ann\u00e9e o\u00f9 cette substance doit enfin \u00eatre utilis\u00e9e dans la politique de puissance.<\/p>\n<p class=\"mb-4 text-lg md:leading-8 break-words\">Au lieu de nous proposer de \u00ab\u00a0faire plus de sport\u00a0\u00bb, nous devrions nous proposer d'\u00a0\u00bboser plus de r\u00e9alit\u00e9\u00a0\u00bb.<\/p>\n<p class=\"mb-4 text-lg md:leading-8 break-words\">Celui qui aborde cette ann\u00e9e avec une strat\u00e9gie claire et sans illusions peut non seulement survivre \u00e0 la temp\u00eate, mais aussi naviguer dans celle-ci. En revanche, ceux qui esp\u00e8rent que le vent se calmera et que l&rsquo;ancien monde reviendra chavireront t\u00f4t ou tard.<\/p>\n","protected":false},"excerpt":{"rendered":"Alors que des millions d&rsquo;Europ\u00e9ens prolongent ces jours-ci leur contrat avec une salle de sport ou s&rsquo;adonnent au&hellip;\n","protected":false},"author":2,"featured_media":634339,"comment_status":"","ping_status":"","sticky":false,"template":"","format":"standard","meta":{"footnotes":""},"categories":[1586],"tags":[11,1777,674,1011,27,18308,74256,12,25,74255,9074,50522],"class_list":{"0":"post-634338","1":"post","2":"type-post","3":"status-publish","4":"format-standard","5":"has-post-thumbnail","7":"category-europe","8":"tag-actualites","9":"tag-eu","10":"tag-europe","11":"tag-fr","12":"tag-france","13":"tag-l39europe","14":"tag-marche-des-capitaux","15":"tag-news","16":"tag-republique-francaise","17":"tag-roseraie-de-la-maison-blanche","18":"tag-salle-de-sport","19":"tag-vote-de-defiance"},"share_on_mastodon":{"url":"https:\/\/pubeurope.com\/@fr\/115820278833668402","error":""},"_links":{"self":[{"href":"https:\/\/www.europesays.com\/fr\/wp-json\/wp\/v2\/posts\/634338","targetHints":{"allow":["GET"]}}],"collection":[{"href":"https:\/\/www.europesays.com\/fr\/wp-json\/wp\/v2\/posts"}],"about":[{"href":"https:\/\/www.europesays.com\/fr\/wp-json\/wp\/v2\/types\/post"}],"author":[{"embeddable":true,"href":"https:\/\/www.europesays.com\/fr\/wp-json\/wp\/v2\/users\/2"}],"replies":[{"embeddable":true,"href":"https:\/\/www.europesays.com\/fr\/wp-json\/wp\/v2\/comments?post=634338"}],"version-history":[{"count":0,"href":"https:\/\/www.europesays.com\/fr\/wp-json\/wp\/v2\/posts\/634338\/revisions"}],"wp:featuredmedia":[{"embeddable":true,"href":"https:\/\/www.europesays.com\/fr\/wp-json\/wp\/v2\/media\/634339"}],"wp:attachment":[{"href":"https:\/\/www.europesays.com\/fr\/wp-json\/wp\/v2\/media?parent=634338"}],"wp:term":[{"taxonomy":"category","embeddable":true,"href":"https:\/\/www.europesays.com\/fr\/wp-json\/wp\/v2\/categories?post=634338"},{"taxonomy":"post_tag","embeddable":true,"href":"https:\/\/www.europesays.com\/fr\/wp-json\/wp\/v2\/tags?post=634338"}],"curies":[{"name":"wp","href":"https:\/\/api.w.org\/{rel}","templated":true}]}}