{"id":634340,"date":"2026-01-01T14:19:12","date_gmt":"2026-01-01T14:19:12","guid":{"rendered":"https:\/\/www.europesays.com\/fr\/634340\/"},"modified":"2026-01-01T14:19:12","modified_gmt":"2026-01-01T14:19:12","slug":"atp-tsitsipas-jai-eu-tres-peur-apres-lus-open-car-jai-passe-deux-jours-sans-pouvoir-marcher-jai-pense-arreter-le-tennis","status":"publish","type":"post","link":"https:\/\/www.europesays.com\/fr\/634340\/","title":{"rendered":"ATP > Tsitsipas : \u00ab\u00a0J&rsquo;ai eu tr\u00e8s peur apr\u00e8s l&rsquo;US Open, car j&rsquo;ai pass\u00e9 deux jours sans pouvoir marcher. J&rsquo;ai pens\u00e9 arr\u00eater le tennis\u00a0\u00bb"},"content":{"rendered":"<p>Avant le d\u00e9but des hosti\u00adlit\u00e9s \u00e0 l\u2019United Cup o\u00f9 il repr\u00e9\u00adsente son pays, Stefanos est revenu sur son ann\u00e9e 2025 qui a \u00e9t\u00e9 \u00ab\u202fcatas\u00adtro\u00adphique\u202f\u00bb et qui lui a fait craindre le\u00a0pire.<\/p>\n<p><strong>\u00ab\u202fJ\u2019ai pass\u00e9 six ou huit mois o\u00f9 ma plus grande inqui\u00e9\u00adtude en montant sur le court pour jouer \u00e9tait de savoir si je pour\u00adrais terminer le match et, en cas de victoire, si j\u2019\u00e9tais pr\u00eat pour le match suivant. J\u2019ai eu tr\u00e8s peur apr\u00e8s l\u2019US Open, car j\u2019ai pass\u00e9 deux jours sans pouvoir marcher. Cela m\u2019a amen\u00e9 \u00e0 recon\u00adsi\u00add\u00e9rer mon avenir. J\u2019ai pens\u00e9 arr\u00eater le tennis. Et puis j\u2019ai consult\u00e9 l\u2019un des m\u00e9de\u00adcins du sport les plus pres\u00adti\u00adgieux au monde et je souhaite simple\u00adment que les bonnes sensa\u00adtions que j\u2019ai se maintiennent\u202f\u00bb<\/strong><\/p>\n<p class=\"post-published-date\" style=\"color: silver; font-size: 75%; text-align: left;\">Publi\u00e9 le jeudi 1 janvier 2026 \u00e0 14:40<\/p>\n","protected":false},"excerpt":{"rendered":"Avant le d\u00e9but des hosti\u00adlit\u00e9s \u00e0 l\u2019United Cup o\u00f9 il repr\u00e9\u00adsente son pays, Stefanos est revenu sur son&hellip;\n","protected":false},"author":2,"featured_media":354233,"comment_status":"","ping_status":"","sticky":false,"template":"","format":"standard","meta":{"footnotes":""},"categories":[1586],"tags":[11,1777,674,1779,1011,27,12,25,5443,1778,364],"class_list":{"0":"post-634340","1":"post","2":"type-post","3":"status-publish","4":"format-standard","5":"has-post-thumbnail","7":"category-europe","8":"tag-actualites","9":"tag-eu","10":"tag-europe","11":"tag-european-union","12":"tag-fr","13":"tag-france","14":"tag-news","15":"tag-republique-francaise","16":"tag-tsitsipas","17":"tag-ue","18":"tag-union-europeenne"},"share_on_mastodon":{"url":"https:\/\/pubeurope.com\/@fr\/115820282754708756","error":""},"_links":{"self":[{"href":"https:\/\/www.europesays.com\/fr\/wp-json\/wp\/v2\/posts\/634340","targetHints":{"allow":["GET"]}}],"collection":[{"href":"https:\/\/www.europesays.com\/fr\/wp-json\/wp\/v2\/posts"}],"about":[{"href":"https:\/\/www.europesays.com\/fr\/wp-json\/wp\/v2\/types\/post"}],"author":[{"embeddable":true,"href":"https:\/\/www.europesays.com\/fr\/wp-json\/wp\/v2\/users\/2"}],"replies":[{"embeddable":true,"href":"https:\/\/www.europesays.com\/fr\/wp-json\/wp\/v2\/comments?post=634340"}],"version-history":[{"count":0,"href":"https:\/\/www.europesays.com\/fr\/wp-json\/wp\/v2\/posts\/634340\/revisions"}],"wp:featuredmedia":[{"embeddable":true,"href":"https:\/\/www.europesays.com\/fr\/wp-json\/wp\/v2\/media\/354233"}],"wp:attachment":[{"href":"https:\/\/www.europesays.com\/fr\/wp-json\/wp\/v2\/media?parent=634340"}],"wp:term":[{"taxonomy":"category","embeddable":true,"href":"https:\/\/www.europesays.com\/fr\/wp-json\/wp\/v2\/categories?post=634340"},{"taxonomy":"post_tag","embeddable":true,"href":"https:\/\/www.europesays.com\/fr\/wp-json\/wp\/v2\/tags?post=634340"}],"curies":[{"name":"wp","href":"https:\/\/api.w.org\/{rel}","templated":true}]}}