{"id":634357,"date":"2026-01-01T14:32:11","date_gmt":"2026-01-01T14:32:11","guid":{"rendered":"https:\/\/www.europesays.com\/fr\/634357\/"},"modified":"2026-01-01T14:32:11","modified_gmt":"2026-01-01T14:32:11","slug":"mimie-mathy-la-star-de-tf1-partage-tout-sur-son-quotidien-hors-des-plateaux-de-tournage","status":"publish","type":"post","link":"https:\/\/www.europesays.com\/fr\/634357\/","title":{"rendered":"Mimie Mathy, la star de TF1, partage tout sur son quotidien hors des plateaux de tournage"},"content":{"rendered":"<p>Par <a class=\"author_recette\" id=\"author_name\" href=\"https:\/\/www.nextplz.fr\/auteur\/yvan-jourdan\" target=\"_blank\" rel=\"noopener\">Yvan<br \/>\nJourdan<\/a> &#8211;<br \/>\nPubli\u00e9 le 01 Jan 2026 \u00e0<br \/>\n11:00<\/p>\n<p class=\"article-intro excerpt\">La com\u00e9dienne fran\u00e7aise Mimie<br \/>\nMathy est de retour dans sa s\u00e9rie culte \u00ab\u00a0Jos\u00e9phine, ange<br \/>\ngardien\u00a0\u00bb. Pour l\u2019occasion, elle s\u2019est livr\u00e9e \u00e0 c\u0153ur ouvert<br \/>\nsur sa vie de couple et son quotidien une fois le clap de fin<br \/>\nprononc\u00e9.<\/p>\n<p>Mimie Mathy fait partie de ces c\u00e9l\u00e9brit\u00e9s de la t\u00e9l\u00e9 qui<br \/>\ncontinuent de marquer les esprits apr\u00e8s de longues ann\u00e9es de<br \/>\ncarri\u00e8re. \u00c2g\u00e9e aujourd\u00a0\u00bbhui de 68 ans, elle ne compte pas encore<br \/>\nc\u00e9der sa place et ce en d\u00e9pit de\u00a0<a href=\"https:\/\/www.nextplz.fr\/people\/523545-mimie-mathy-confie-etat-sante-fragile-marche-difficilement\" target=\"_blank\" rel=\"noopener\">son<br \/>\n\u00e9tat de sant\u00e9 fragile<\/a>. En effet, elle a fait son comeback ce 29<br \/>\nd\u00e9cembre 2025 avec un nouvel \u00e9pisode de Jos\u00e9phine, ange<br \/>\nGardien. Connue pour son incroyable talent, la sexag\u00e9naire<br \/>\nalterne entre sa vie dans le Sud et les tournages en r\u00e9gion<br \/>\nparisienne.<\/p>\n<p>Une com\u00e9dienne \u00e0<br \/>\nla carri\u00e8re bien fructueuse<\/p>\n<p>Jos\u00e9phine, ange gardien, est sans aucun doute le r\u00f4le<br \/>\nde toute une vie. Et pour cause, la s\u00e9rie produite et diffus\u00e9e par<br \/>\nTF1 rapportait 250 000 euros par \u00e9pisode \u00e0 la com\u00e9dienne.<br \/>\nN\u00e9anmoins, Mimie Mathy a confi\u00e9 avoir d\u00e9di\u00e9 la moiti\u00e9 de son<br \/>\nsalaire dans le but de sauver le programme t\u00e9l\u00e9vis\u00e9. <\/p>\n<p>\u00ab\u00a0J&rsquo;ai baiss\u00e9 mon cachet, plut\u00f4t que de mettre toute une<br \/>\n\u00e9quipe au ch\u00f4mage. Je vis encore tr\u00e8s bien, mais j&rsquo;ai largement<br \/>\nbaiss\u00e9 mon cachet\u00a0\u00bb, confiait-elle au micro de RTL. En<br \/>\nraison de ces cachets faramineux, elle n&rsquo;a pas tard\u00e9 \u00e0 investir<br \/>\ndans l&rsquo;immobilier. Une initiative qui lui a permis de poss\u00e9der deux<br \/>\npropri\u00e9t\u00e9s dans la capitale et en province.\u00a0<\/p>\n<p>Mimie Mathy,<br \/>\npropri\u00e9taire de deux domiciles<\/p>\n<p>Dans une interview accord\u00e9e<br \/>\n\u00e0\u00a0Purepeole,\u00a0<a href=\"https:\/\/www.nextplz.fr\/people\/478494-mimie-mathy-hors-la-loi-a-67-ans-elle-defie-le-systeme-je-prends-le-risque\" target=\"_blank\" rel=\"noopener\">celle<br \/>\nqui d\u00e9fie le syst\u00e8me<\/a>\u00a0confiait vivre entre Paris et<br \/>\nVaison-la-Romaine. \u00ab\u00a0J&rsquo;ai la chance d&rsquo;avoir deux maisons que<br \/>\nj&rsquo;adore, un petit appart \u00e0 Paris et cette grande maison ici (\u2026).<br \/>\nQuand je suis off, c&rsquo;est vrai que, comme la plupart de nos enfants<br \/>\navec mon mari [Benoist G\u00e9rard, ndlr] sont dans le Sud, c&rsquo;est plus<br \/>\nfacile de les recevoir dans notre grande maison de Provence\u00a0\u00bb,<br \/>\na-t-elle d\u00e9clar\u00e9.<\/p>\n<p>Par la suite, elle s&rsquo;est livr\u00e9e sur sa vie loin des cam\u00e9ras :<br \/>\n\u00ab\u00a0Mais c&rsquo;est plus calme ici, quand on va au cin\u00e9ma on n&rsquo;a pas<br \/>\nbesoin de partir une heure avant pour savoir o\u00f9 on va se garer. Et<br \/>\npuis quand le ciel est bleu, \u00e7a met du baume au c\u0153ur.\u00a0\u00bb<\/p>\n<p>La com\u00e9dienne quittera-t-elle prochainement la sc\u00e8ne<br \/>\ncin\u00e9matographique ?<\/p>\n<p>\u00a0<a href=\"https:\/\/www.nextplz.fr\/people\/478666-a-67-ans-mimie-mathy-se-confie-sur-son-etat-de-sante-ma-faiblesse-dans-les-jambes-sest-accentuee\" target=\"_blank\" rel=\"noopener\">Bien<br \/>\nqu&rsquo;elle ne soit plus tr\u00e8s en forme<\/a>, Mimie Mathy a des projets<br \/>\nencore plus grands. Autrement dit, elle ne compte pas faire ses<br \/>\nadieux \u00e0 son personnage de Jos\u00e9phine de sit\u00f4t. D&rsquo;ailleurs, il se<br \/>\npourrait qu&rsquo;elle fasse de prochains \u00e9pisodes de la s\u00e9rie. De quoi<br \/>\nc\u00e9l\u00e9brer les 30 ans de la s\u00e9rie.<\/p>\n<p>\u00ab\u00a0C&rsquo;est toujours un plaisir. On en a fait un l&rsquo;ann\u00e9e derni\u00e8re<br \/>\net normalement, on en tourne un l&rsquo;ann\u00e9e prochaine. En faire un de<br \/>\ntemps en temps, ne m&#8217;emp\u00eache pas de d\u00e9velopper d&rsquo;autres projets qui<br \/>\nsont en cours et dont je ne parlerai pas pour l&rsquo;instant car c&rsquo;est<br \/>\nencore au stade de projet. (\u2026) Quant \u00e0 Jos\u00e9phine, ange gardien, je<br \/>\nveux aller au moins jusqu&rsquo;aux 30 ans, dans deux ans, ce serait<br \/>\nsympa !\u00a0\u00bb, a-t-elle exprim\u00e9.\u00a0<\/p>\n","protected":false},"excerpt":{"rendered":"Par Yvan Jourdan &#8211; Publi\u00e9 le 01 Jan 2026 \u00e0 11:00 La com\u00e9dienne fran\u00e7aise Mimie Mathy est de&hellip;\n","protected":false},"author":2,"featured_media":634358,"comment_status":"","ping_status":"","sticky":false,"template":"","format":"standard","meta":{"footnotes":""},"categories":[1359],"tags":[58,59,1011,27,973],"class_list":{"0":"post-634357","1":"post","2":"type-post","3":"status-publish","4":"format-standard","5":"has-post-thumbnail","7":"category-people","8":"tag-divertissement","9":"tag-entertainment","10":"tag-fr","11":"tag-france","12":"tag-people"},"share_on_mastodon":{"url":"https:\/\/pubeurope.com\/@fr\/115820334042161213","error":""},"_links":{"self":[{"href":"https:\/\/www.europesays.com\/fr\/wp-json\/wp\/v2\/posts\/634357","targetHints":{"allow":["GET"]}}],"collection":[{"href":"https:\/\/www.europesays.com\/fr\/wp-json\/wp\/v2\/posts"}],"about":[{"href":"https:\/\/www.europesays.com\/fr\/wp-json\/wp\/v2\/types\/post"}],"author":[{"embeddable":true,"href":"https:\/\/www.europesays.com\/fr\/wp-json\/wp\/v2\/users\/2"}],"replies":[{"embeddable":true,"href":"https:\/\/www.europesays.com\/fr\/wp-json\/wp\/v2\/comments?post=634357"}],"version-history":[{"count":0,"href":"https:\/\/www.europesays.com\/fr\/wp-json\/wp\/v2\/posts\/634357\/revisions"}],"wp:featuredmedia":[{"embeddable":true,"href":"https:\/\/www.europesays.com\/fr\/wp-json\/wp\/v2\/media\/634358"}],"wp:attachment":[{"href":"https:\/\/www.europesays.com\/fr\/wp-json\/wp\/v2\/media?parent=634357"}],"wp:term":[{"taxonomy":"category","embeddable":true,"href":"https:\/\/www.europesays.com\/fr\/wp-json\/wp\/v2\/categories?post=634357"},{"taxonomy":"post_tag","embeddable":true,"href":"https:\/\/www.europesays.com\/fr\/wp-json\/wp\/v2\/tags?post=634357"}],"curies":[{"name":"wp","href":"https:\/\/api.w.org\/{rel}","templated":true}]}}