{"id":634363,"date":"2026-01-01T14:36:10","date_gmt":"2026-01-01T14:36:10","guid":{"rendered":"https:\/\/www.europesays.com\/fr\/634363\/"},"modified":"2026-01-01T14:36:10","modified_gmt":"2026-01-01T14:36:10","slug":"je-touche-46-000-euros-dun-seul-coup-kendji-girac-detaille-ce-quil-a-fait-de-son-tout-premier-cachet-touche-a-18-ans","status":"publish","type":"post","link":"https:\/\/www.europesays.com\/fr\/634363\/","title":{"rendered":"\u201cJe touche 46 000 euros d\u2019un seul coup\u201d : Kendji Girac d\u00e9taille ce qu&rsquo;il a fait de son tout premier cachet touch\u00e9 \u00e0 18 ans"},"content":{"rendered":"<p>La suite apr\u00e8s la publicit\u00e9<\/p>\n<p>Dans son livre Mi Vida, paru le 1er octobre dernier aux \u00e9ditions Flammarion, <a href=\"https:\/\/www.purepeople.com\/people\/kendji-girac_p542210\" target=\"_blank\" rel=\"noopener\">Kendji Girac<\/a> se met \u00e0 nu. Le gagnant de The Voice 2014 \u00e9voque cet accident qui a failli lui co\u00fbter la vie \u00e0 <a href=\"https:\/\/www.purepeople.com\/article\/j-avais-bu-toute-la-journee-kendji-girac-revient-sur-son-geste-a-biscarosse-dans-quotidien_a543093\/1\" target=\"_blank\" rel=\"noopener\">Biscarosse<\/a>, ou encore <a href=\"https:\/\/www.purepeople.com\/article\/soraya-miranda-les-confidences-de-la-compagne-de-kendji-girac-sur-sa-rencontre-avec-le-chanteur_a530326\/1\" target=\"_blank\" rel=\"noopener\">Soraya Miranda<\/a>, son \u00e9pouse avec laquelle il partage sa vie depuis octobre 2014, et avec qui il a deux enfants (dont sa petite <a href=\"https:\/\/www.purepeople.com\/article\/kendji-girac-papa-des-images-de-sa-fille-eva-devoilees-dans-un-clip-craquant_a496713\/1\" target=\"_blank\" rel=\"noopener\">Eva Alba, qu&rsquo;il \u00e9voquait dans une de ses chanson<\/a>s).<\/p>\n<p>Mais ce n&rsquo;est pas tout : <strong>Kendji Girac fait \u00e9galement quelques r\u00e9v\u00e9lations sur ses d\u00e9buts en tant qu&rsquo;artiste. Il r\u00e9v\u00e8le notamment que la premi\u00e8re somme importante qu\u2019il a re\u00e7ue s&rsquo;\u00e9levait \u00e0 46\u202f000\u202feuros.<\/strong> Une somme qu&rsquo;il a touch\u00e9e \u00ab\u00a0d&rsquo;un seul coup\u00a0\u00bb alors qu&rsquo;il n&rsquo;avait que 18 ans, sortait de son incroyable aventure \u00e0 The Voice, et pr\u00e9parait son premier album. Il \u00e9tait \u00a0\u00ab\u00a0comme un fou\u00a0\u00bb : \u00ab\u00a0On est loin, tr\u00e8s loin de mon petit contrat d&rsquo;\u00e9lagueur !\u00a0\u00bb<\/p>\n<p>Mais alors, que fait-il de cet argent, \u00e0 ce moment-l\u00e0 ? \u00ab\u00a0<strong>Ma premi\u00e8re d\u00e9pense est pour mes parents, \u00e9videmment. Je me souviens qu&rsquo;on est mi-juillet, ils sont sur le voyage. La tourn\u00e9e vient de se finir, je d\u00e9cide d&rsquo;aller les voir pour leur offrir un cadeau : une montre Breitling \u00e0 mon p\u00e8re et un sac Lancel \u00e0 ma m\u00e8re.<\/strong><strong>\u00ab\u00a0<\/strong><\/p>\n<p>\u00ab\u00a0Je sens aussi que cela les rassure\u00a0\u00bb : Kendji Girac d\u00e9voile la r\u00e9action de ses parents<\/p>\n<p>Il se rappellera toujours de leur r\u00e9action : \u00ab\u00a0Je n&rsquo;ai pas vu mes parents depuis qu&rsquo;ils sont venus en loge pour f\u00eater mes dix-huit ans, deux semaines plus t\u00f4t. Je les retrouve sur une place, il y a toute la mission, il fait beau, je suis de retour chez moi. Je ne peux pas d\u00e9crire la fiert\u00e9, immense, que je ressens quand j&rsquo;offre ces cadeaux \u00e0 mes parents. Je traverse le terrain, je marche vers leur emplacement. J&rsquo;ai la poitrine gonfl\u00e9e par la joie. Il y a la campine et mon camion, ils sont juste l\u00e0, en train de faire \u00e0 manger. Quand je leur donne leurs cadeaux, ils n&rsquo;en reviennent pas. Mon p\u00e8re me dit &lsquo;mais pourquoi t&rsquo;as fait ca, petit, c&rsquo;est \u00e9norme, fallait pas !&rsquo; et il me fait une grosse bise.\u00a0\u00bb<\/p>\n<p>Des moments de tendresse qui arrivent peu fr\u00e9quemment chez lui : \u00ab\u00a0Les marques d&rsquo;affection sont tr\u00e8s rares dans ma famille, surtout de la part du padre. La mam\u00e0 pareil, elle est tr\u00e8s contente. Je sens aussi que cela les rassure ; d&rsquo;une certaine mani\u00e8re, cela rend toute cette histoire plus r\u00e9elle. Il n&rsquo;y a pas juste les paillettes, les lumi\u00e8res, les fans et les journalistes autour de moi. L&rsquo;argent, cela dit que j&rsquo;ai maintenant un vrai m\u00e9tier.\u00a0\u00bb<\/p>\n<p>Aujourd&rsquo;hui, Kendji Girac est un artiste incontournable de la chanson fran\u00e7aise.<\/p>\n<p>\u00a0<\/p>\n","protected":false},"excerpt":{"rendered":"La suite apr\u00e8s la publicit\u00e9 Dans son livre Mi Vida, paru le 1er octobre dernier aux \u00e9ditions Flammarion,&hellip;\n","protected":false},"author":2,"featured_media":634364,"comment_status":"","ping_status":"","sticky":false,"template":"","format":"standard","meta":{"footnotes":""},"categories":[1355],"tags":[58,59,1011,27,1361,873],"class_list":{"0":"post-634363","1":"post","2":"type-post","3":"status-publish","4":"format-standard","5":"has-post-thumbnail","7":"category-musique","8":"tag-divertissement","9":"tag-entertainment","10":"tag-fr","11":"tag-france","12":"tag-music","13":"tag-musique"},"share_on_mastodon":{"url":"https:\/\/pubeurope.com\/@fr\/115820349667617478","error":""},"_links":{"self":[{"href":"https:\/\/www.europesays.com\/fr\/wp-json\/wp\/v2\/posts\/634363","targetHints":{"allow":["GET"]}}],"collection":[{"href":"https:\/\/www.europesays.com\/fr\/wp-json\/wp\/v2\/posts"}],"about":[{"href":"https:\/\/www.europesays.com\/fr\/wp-json\/wp\/v2\/types\/post"}],"author":[{"embeddable":true,"href":"https:\/\/www.europesays.com\/fr\/wp-json\/wp\/v2\/users\/2"}],"replies":[{"embeddable":true,"href":"https:\/\/www.europesays.com\/fr\/wp-json\/wp\/v2\/comments?post=634363"}],"version-history":[{"count":0,"href":"https:\/\/www.europesays.com\/fr\/wp-json\/wp\/v2\/posts\/634363\/revisions"}],"wp:featuredmedia":[{"embeddable":true,"href":"https:\/\/www.europesays.com\/fr\/wp-json\/wp\/v2\/media\/634364"}],"wp:attachment":[{"href":"https:\/\/www.europesays.com\/fr\/wp-json\/wp\/v2\/media?parent=634363"}],"wp:term":[{"taxonomy":"category","embeddable":true,"href":"https:\/\/www.europesays.com\/fr\/wp-json\/wp\/v2\/categories?post=634363"},{"taxonomy":"post_tag","embeddable":true,"href":"https:\/\/www.europesays.com\/fr\/wp-json\/wp\/v2\/tags?post=634363"}],"curies":[{"name":"wp","href":"https:\/\/api.w.org\/{rel}","templated":true}]}}