{"id":63437,"date":"2025-04-30T04:03:09","date_gmt":"2025-04-30T04:03:09","guid":{"rendered":"https:\/\/www.europesays.com\/fr\/63437\/"},"modified":"2025-04-30T04:03:09","modified_gmt":"2025-04-30T04:03:09","slug":"mathieu-ceschin-lamour-est-dans-le-pre-a-bout-il-avoue-avoir-de-plus-en-plus-de-mal-a-supporter-son-fils","status":"publish","type":"post","link":"https:\/\/www.europesays.com\/fr\/63437\/","title":{"rendered":"Mathieu Ceschin (L&rsquo;amour est dans le pr\u00e9) \u00e0 bout : il avoue avoir de plus en plus de mal \u00e0 \u00ab\u00a0supporter\u00a0\u00bb son fils"},"content":{"rendered":"<p>Il vit un r\u00eave \u00e9veill\u00e9, mais fait aussi face aux c\u00f4t\u00e9s n\u00e9gatifs de son nouveau r\u00f4le. En effet, si devenir p\u00e8re ou m\u00e8re reste le plus beau r\u00f4le d\u2019une vie, celui-ci n\u2019est pas toujours facile \u00e0 endosser. Et <a href=\"https:\/\/www.public.fr\/je-ne-sais-pas-si-vous-imaginez-mathieu-ceschin-lamour-est-dans-le-pre-au-plus-mal-il-doit-laisser-son-fils\" target=\"_blank\" rel=\"noopener\">Mathieu Ceschin<\/a> en sait quelque chose. L\u2019ancien candidat de <strong><a href=\"https:\/\/vsd.fr\/tag\/lamour-est-dans-le-pre\/\" target=\"_blank\" rel=\"noopener\">\u00ab\u00a0L\u2019amour est dans le pr\u00e9\u00a0\u00bb<\/a><\/strong> l\u2019a prouv\u00e9 sur ses r\u00e9seaux sociaux, ce mardi 29 avril 2025.<\/p>\n<p>Pour rappel, apr\u00e8s avoir coul\u00e9 des jours heureux dans les bras d\u2019Alexandre \u00e0 la fin du tournage de l\u2019\u00e9mission pr\u00e9sent\u00e9e par <a href=\"https:\/\/www.public.fr\/tag\/karine-le-marchand\" target=\"_blank\" rel=\"noopener\">Karine Le Marchand<\/a>, l\u2019agriculteur et son compagnon ont finalement d\u00e9cid\u00e9 de rompre. De fait, c\u2019est en tant que \u00ab\u00a0papa solo\u00a0\u00bb que Mathieu Ceschin s\u2019est lanc\u00e9 dans un processus pour accueillir un enfant.\u00a0<\/p>\n<p>Mathieu Ceschin, sur un nuage avec son fils Ezio<\/p>\n<p>Pendant plusieurs mois, il a men\u00e9 un long parcours. Et c\u2019est finalement en mai 2024 qu\u2019il a r\u00e9ellement pu go\u00fbter au bonheur et prendre son petit Ezio dans les bras, gr\u00e2ce \u00e0 une m\u00e8re porteuse colombienne qui lui a donn\u00e9 la vie.\u00a0<\/p>\n<p>Depuis, l\u2019ancien candidat de <strong>\u00ab\u00a0L\u2019amour est dans le pr\u00e9\u00a0\u00bb<\/strong> ne cesse de partager son quotidien de \u00ab\u00a0papa solo\u00a0\u00bb et son bonheur \u00e0 chaque seconde partag\u00e9e avec son petit gar\u00e7on. Sur le compte Instagram de Mathieu Ceschin, nous pouvons tr\u00e8s souvent retrouver ce dernier nager en plein bonheur en compagnie de son fils, affichant lui aussi un large sourire.<\/p>\n<p>N\u00e9anmoins, l\u2019agriculteur doit \u00e9galement faire face \u00e0 des moments plus difficiles. L\u2019ex-compagnon d\u2019Alexandre, comme pour les moments bonheur, partage \u00e9galement ses difficult\u00e9s avec sa communaut\u00e9 lorsqu\u2019il en rencontre.\u00a0<\/p>\n<p>Mais l&rsquo;ancien candidat de \u00ab\u00a0L&rsquo;amour est dans le pr\u00e9\u00a0\u00bb fait aussi face aux difficult\u00e9s<\/p>\n<p>De fait, ce mardi 29 avril 2025, l\u2019ancien candidat de <strong>\u00ab\u00a0L\u2019amour est dans le pr\u00e9\u00a0\u00bb<\/strong> a fait part de son ras-le-bol \u00ab\u00a0passager\u00a0\u00bb. <strong>\u00ab\u00a0Ce soir, je m&rsquo;en veux car j&rsquo;ai du mal \u00e0 supporter mon fils<\/strong>\u00ab\u00a0, a-t-il regrett\u00e9 avant de reconna\u00eetre : <strong>\u00ab\u00a0Je sais que c&rsquo;est ultra passager, s\u00fbrement d\u00fb \u00e0 ma surdose de travail du jour, mais ce soir, c&rsquo;est dur de partager sa chambre&#8230;<\/strong>\u00ab\u00a0.\u00a0<\/p>\n<p>Mathieu Ceschin, toujours au cours de son intervention, a fait part de l\u2019importance de reconna\u00eetre ses coups de mou et les moments o\u00f9 il lui arrive de craquer avec son fils.\u00a0<\/p>\n<p>\u00ab\u00a0Je crois que c&rsquo;est important de le reconna\u00eetre, d\u00e9j\u00e0 rien qu&rsquo;en vous l&rsquo;\u00e9crivant je ressens un mieux \u00eatre. Je crois que tous les parents se reconna\u00eetront dans ces quelques mots&#8230; Nous ne sommes que des hommes et femmes avec leurs limites\u00a0\u00bb, a-t-il expliqu\u00e9. En esp\u00e9rant qu\u2019il parvienne rapidement \u00e0 retrouver le moral.\u00a0<\/p>\n<p>      Mentionn\u00e9s dans cet article<\/p>\n<p>\u00c0 lire aussi<\/p>\n","protected":false},"excerpt":{"rendered":"Il vit un r\u00eave \u00e9veill\u00e9, mais fait aussi face aux c\u00f4t\u00e9s n\u00e9gatifs de son nouveau r\u00f4le. En effet,&hellip;\n","protected":false},"author":2,"featured_media":63438,"comment_status":"","ping_status":"","sticky":false,"template":"","format":"standard","meta":{"footnotes":""},"categories":[1359],"tags":[58,59,1011,27,5413,9307,494,16194,973],"class_list":{"0":"post-63437","1":"post","2":"type-post","3":"status-publish","4":"format-standard","5":"has-post-thumbnail","7":"category-people","8":"tag-divertissement","9":"tag-entertainment","10":"tag-fr","11":"tag-france","12":"tag-karine-le-marchand","13":"tag-lamour-est-dans-le-pre","14":"tag-m6","15":"tag-papa","16":"tag-people"},"share_on_mastodon":{"url":"https:\/\/pubeurope.com\/@fr\/114424932140911456","error":""},"_links":{"self":[{"href":"https:\/\/www.europesays.com\/fr\/wp-json\/wp\/v2\/posts\/63437","targetHints":{"allow":["GET"]}}],"collection":[{"href":"https:\/\/www.europesays.com\/fr\/wp-json\/wp\/v2\/posts"}],"about":[{"href":"https:\/\/www.europesays.com\/fr\/wp-json\/wp\/v2\/types\/post"}],"author":[{"embeddable":true,"href":"https:\/\/www.europesays.com\/fr\/wp-json\/wp\/v2\/users\/2"}],"replies":[{"embeddable":true,"href":"https:\/\/www.europesays.com\/fr\/wp-json\/wp\/v2\/comments?post=63437"}],"version-history":[{"count":0,"href":"https:\/\/www.europesays.com\/fr\/wp-json\/wp\/v2\/posts\/63437\/revisions"}],"wp:featuredmedia":[{"embeddable":true,"href":"https:\/\/www.europesays.com\/fr\/wp-json\/wp\/v2\/media\/63438"}],"wp:attachment":[{"href":"https:\/\/www.europesays.com\/fr\/wp-json\/wp\/v2\/media?parent=63437"}],"wp:term":[{"taxonomy":"category","embeddable":true,"href":"https:\/\/www.europesays.com\/fr\/wp-json\/wp\/v2\/categories?post=63437"},{"taxonomy":"post_tag","embeddable":true,"href":"https:\/\/www.europesays.com\/fr\/wp-json\/wp\/v2\/tags?post=63437"}],"curies":[{"name":"wp","href":"https:\/\/api.w.org\/{rel}","templated":true}]}}