{"id":634372,"date":"2026-01-01T14:41:08","date_gmt":"2026-01-01T14:41:08","guid":{"rendered":"https:\/\/www.europesays.com\/fr\/634372\/"},"modified":"2026-01-01T14:41:08","modified_gmt":"2026-01-01T14:41:08","slug":"cette-salle-de-bain-inspiree-des-annees-80-simpose-en-2026-ce-metal-dore-que-les-designers-adorent-revient-chez-vous-le-journal-de-la-maison","status":"publish","type":"post","link":"https:\/\/www.europesays.com\/fr\/634372\/","title":{"rendered":"Cette salle de bain inspir\u00e9e des ann\u00e9es 80 s\u2019impose en 2026 : ce m\u00e9tal dor\u00e9 que les designers adorent revient chez vous &#8211; Le Journal de la Maison."},"content":{"rendered":"<ol>\n<li><a href=\"https:\/\/news.google.com\/rss\/articles\/CBMi_wFBVV95cUxOQVV2WUc1S0Y1N3pEOTRkdTE0d2pOQjJZNDRlSFJMZkFsV1k5OEZFcEdlR2dEUW04VndmR1FNb1lMSWVvWlBlU3JuUVpEblRldmI3MWlDQVlSbl9zbmRUeG5BcFpUSUh3SjFnQzlDbzZEMldtZjdmNEo5bFJfZ0lOWmxiWENoYkU1cndIckdMeC1STy1pR0REQkVQcUUtU3Z6YXhlWWVEdDBVY2VWa2dQempBMnBlN2p3dGRLYnpVdTJ0amVNVEhTOElxSm8waW9nWnlwaVZrVnJxQ2kzYmxXMmxha1o5VTljR1pPTTA0WFQ1UFRSYVhhNXEtTEFEbkU?oc=5\" target=\"_blank\" rel=\"noopener\">Cette salle de bain inspir\u00e9e des ann\u00e9es 80 s\u2019impose en 2026 : ce m\u00e9tal dor\u00e9 que les designers adorent revient chez vous<\/a>&nbsp;&nbsp;Le Journal de la Maison.<\/li>\n<li><a href=\"https:\/\/news.google.com\/rss\/articles\/CBMiwAFBVV95cUxQcjNOOVlzSzlwNnVoVnBVWFl0RWNNWFFxMlhDam9WeWNWb2tWYWtuREUtQ1gybUY5TzVvYk9fRTlILWFINVhIWEEydlRXUXRLdDRQaDNjc01oX0REdVJaWmp5dklTT1JNeUVrN1pLNzJVY0dQRHFIcG5Qd3VKVWJXUTVCSUVxX1pZRy01T3BUZC1hWW5uczh0c04wM0h5Z2s3akFCNV9KZ0haQjFMelZ1OVRQTXhYTno5eG1VenV6cWg?oc=5\" target=\"_blank\" rel=\"noopener\">Salle de bain 2026 : les tendances \u00e0 suivre absolument<\/a>&nbsp;&nbsp;SeLoger<\/li>\n<li><a href=\"https:\/\/news.google.com\/rss\/articles\/CBMi3AFBVV95cUxPbmpfWkl0bkNrUW4yajhJbFJ1UXQ0VjhLak1EWGR4RDl1MjJLcGtUbVh5QzhFUXJOeXJnTjAyLUJQNFhIVTBzV1VWRHFaWUpjQkp5V3pKS3BMQlAxQVlpS1l0dHQzZ01qT0hzRVZwZS1HbVgwWXBHc2VBTVN6UUo1X21KSHUtY09aTV9ha1ZETE5NX216em9pa3BnMlFrZGlDUFJGTkpOc2FXZ1NHdUhlZXdvaTBYa1FyYkpUTmVvaS1ucVViRmF1QkR1a0RSQmVRbDhaSlVaUXVPMHl0?oc=5\" target=\"_blank\" rel=\"noopener\">Fini la douche \u00e0 l&rsquo;italienne, voici la nouvelle tendance qui va sublimer votre salle de bain d\u00e8s 2026<\/a>&nbsp;&nbsp;Demotivateur<\/li>\n<li><a href=\"https:\/\/news.google.com\/rss\/articles\/CBMi_AFBVV95cUxNTEtYMnBVXzJBTnNYRnA4RmRJWlpHQnVfT2VFaWhBWHY1MER6U0VIWXY4UXFWU3ZUTXlGbU1Nay14UURyZXlkWDUwWm1VLWlkdmZqQks5TEZESkRHM0dDSHYwWnE1c0xVSXZTd1VuYjFLUkpaTHdWNHhrNnU2bHV6bzNoenV1WDZCb1VDcGpDa1g4U1ZybkF0SVJncm9ZRE53YmVtaWxRVU0zT2plV24xR0t6d1NiZ2laSlR0eW90XzBndk9BZWlNRG8tQ3ZyX296empTN2dxR0JjY00wOGFDeXNwNHlGVEhqUmphZ21fVWxEU3BMSXJDT3V6aFg?oc=5\" target=\"_blank\" rel=\"noopener\">Ce d\u00e9tail dor\u00e9 des salles de bain ann\u00e9es 80 affole les designers pour 2026 : ne r\u00e9novez rien avant de l&rsquo;avoir vu<\/a>&nbsp;&nbsp;Maison &amp; Travaux<\/li>\n<li><a href=\"https:\/\/news.google.com\/rss\/articles\/CBMi9gFBVV95cUxPcGtDRHlveFNibWZKaTB1TDZkaktfS09DU180RnNtSmZyLXRrckJqZFJHQ0tXM1pENEN4QUc3b0l0Y2tyOWNZWlljSEhJUzhKMWJDSWtXTmtWV0xpbzdfTVVuN1RUZkN2U0wxMVhQVURKNkh6OWljV1o2ZUdXOGlRR1lRTmxVWXZ4dG1XTl9CSHB3QVBhZUF4QmVRaFdaNnc3b0g5VEJCYTd3dUVlMXlXS053eDBkdDZwOHFyOHlPbWZfNTFJREotNEpUbHlkbUNhT1hEMVVOVzFBcEh1bFUwbFhaUy01YWVJbGU3ZmJxcXIzb1BQWEE?oc=5\" target=\"_blank\" rel=\"noopener\">Salle de bain 2026 : dites adieu aux meubles blancs, cette couleur chaleureuse et anti-traces de calcaire s\u2019impose partout<\/a>&nbsp;&nbsp;peaches.fr<\/li>\n<\/ol>\n","protected":false},"excerpt":{"rendered":"Cette salle de bain inspir\u00e9e des ann\u00e9es 80 s\u2019impose en 2026 : ce m\u00e9tal dor\u00e9 que les designers&hellip;\n","protected":false},"author":2,"featured_media":395849,"comment_status":"","ping_status":"","sticky":false,"template":"","format":"standard","meta":{"footnotes":""},"categories":[7],"tags":[1011,27,43,40,41,39,42,44],"class_list":{"0":"post-634372","1":"post","2":"type-post","3":"status-publish","4":"format-standard","5":"has-post-thumbnail","7":"category-sciences-et-technologies","8":"tag-fr","9":"tag-france","10":"tag-science","11":"tag-science-and-technology","12":"tag-sciences","13":"tag-sciences-et-technologies","14":"tag-technologies","15":"tag-technology"},"share_on_mastodon":{"url":"https:\/\/pubeurope.com\/@fr\/115820369425433476","error":""},"_links":{"self":[{"href":"https:\/\/www.europesays.com\/fr\/wp-json\/wp\/v2\/posts\/634372","targetHints":{"allow":["GET"]}}],"collection":[{"href":"https:\/\/www.europesays.com\/fr\/wp-json\/wp\/v2\/posts"}],"about":[{"href":"https:\/\/www.europesays.com\/fr\/wp-json\/wp\/v2\/types\/post"}],"author":[{"embeddable":true,"href":"https:\/\/www.europesays.com\/fr\/wp-json\/wp\/v2\/users\/2"}],"replies":[{"embeddable":true,"href":"https:\/\/www.europesays.com\/fr\/wp-json\/wp\/v2\/comments?post=634372"}],"version-history":[{"count":0,"href":"https:\/\/www.europesays.com\/fr\/wp-json\/wp\/v2\/posts\/634372\/revisions"}],"wp:featuredmedia":[{"embeddable":true,"href":"https:\/\/www.europesays.com\/fr\/wp-json\/wp\/v2\/media\/395849"}],"wp:attachment":[{"href":"https:\/\/www.europesays.com\/fr\/wp-json\/wp\/v2\/media?parent=634372"}],"wp:term":[{"taxonomy":"category","embeddable":true,"href":"https:\/\/www.europesays.com\/fr\/wp-json\/wp\/v2\/categories?post=634372"},{"taxonomy":"post_tag","embeddable":true,"href":"https:\/\/www.europesays.com\/fr\/wp-json\/wp\/v2\/tags?post=634372"}],"curies":[{"name":"wp","href":"https:\/\/api.w.org\/{rel}","templated":true}]}}