{"id":634375,"date":"2026-01-01T14:43:11","date_gmt":"2026-01-01T14:43:11","guid":{"rendered":"https:\/\/www.europesays.com\/fr\/634375\/"},"modified":"2026-01-01T14:43:11","modified_gmt":"2026-01-01T14:43:11","slug":"en-direct-incendie-a-crans-montana-des-dizaines-de-morts-presumes-deux-francais-parmi-les-blesses-selon-un-premier-bilan","status":"publish","type":"post","link":"https:\/\/www.europesays.com\/fr\/634375\/","title":{"rendered":"EN DIRECT &#8211; Incendie \u00e0 Crans-Montana : des dizaines de morts pr\u00e9sum\u00e9s, deux Fran\u00e7ais parmi les bless\u00e9s, selon un premier bilan"},"content":{"rendered":"<p>      Un incendie suivi d&rsquo;une explosion, la piste de l&rsquo;attentat \u00e9cart\u00e9e<\/p>\n<p>\u00ab\u00a0En l&rsquo;\u00e9tat, nous privil\u00e9gions la th\u00e8se d\u2019un incendie et il n&rsquo;est \u00e0 aucun moment question d\u2019un attentat\u00a0\u00bb, a pr\u00e9cis\u00e9 la procureure g\u00e9n\u00e9rale de l&rsquo;\u00c9tat du Valais, B\u00e9atrice Pilloud, lors la conf\u00e9rence de presse.\u00a0<\/p>\n<p>\u00ab\u00a0Ce n&rsquo;est pas la d\u00e9flagration d&rsquo;un engin explosif qui provoque l&rsquo;incendie, c&rsquo;est l&rsquo;incendie qui, en se d\u00e9veloppant, provoque une d\u00e9flagration et un embrasement g\u00e9n\u00e9ralis\u00e9 des locaux\u00a0\u00bb, a expliqu\u00e9, de son c\u00f4t\u00e9, le conseiller d&rsquo;\u00c9tat, St\u00e9phane Ganzer.<\/p>\n<p>Partager<\/p>\n","protected":false},"excerpt":{"rendered":"Un incendie suivi d&rsquo;une explosion, la piste de l&rsquo;attentat \u00e9cart\u00e9e \u00ab\u00a0En l&rsquo;\u00e9tat, nous privil\u00e9gions la th\u00e8se d\u2019un incendie&hellip;\n","protected":false},"author":2,"featured_media":634376,"comment_status":"","ping_status":"","sticky":false,"template":"","format":"standard","meta":{"footnotes":""},"categories":[5],"tags":[11,9732,18579,2688,118,107,1011,27,1310,14,12,39117,3067,28],"class_list":{"0":"post-634375","1":"post","2":"type-post","3":"status-publish","4":"format-standard","5":"has-post-thumbnail","7":"category-international","8":"tag-actualites","9":"tag-bar","10":"tag-en-direct","11":"tag-explosion","12":"tag-faits-divers","13":"tag-fil-info","14":"tag-fr","15":"tag-france","16":"tag-incendie","17":"tag-international","18":"tag-news","19":"tag-nouvel-an","20":"tag-suisse","21":"tag-world"},"share_on_mastodon":{"url":"https:\/\/pubeurope.com\/@fr\/115820377521521246","error":""},"_links":{"self":[{"href":"https:\/\/www.europesays.com\/fr\/wp-json\/wp\/v2\/posts\/634375","targetHints":{"allow":["GET"]}}],"collection":[{"href":"https:\/\/www.europesays.com\/fr\/wp-json\/wp\/v2\/posts"}],"about":[{"href":"https:\/\/www.europesays.com\/fr\/wp-json\/wp\/v2\/types\/post"}],"author":[{"embeddable":true,"href":"https:\/\/www.europesays.com\/fr\/wp-json\/wp\/v2\/users\/2"}],"replies":[{"embeddable":true,"href":"https:\/\/www.europesays.com\/fr\/wp-json\/wp\/v2\/comments?post=634375"}],"version-history":[{"count":0,"href":"https:\/\/www.europesays.com\/fr\/wp-json\/wp\/v2\/posts\/634375\/revisions"}],"wp:featuredmedia":[{"embeddable":true,"href":"https:\/\/www.europesays.com\/fr\/wp-json\/wp\/v2\/media\/634376"}],"wp:attachment":[{"href":"https:\/\/www.europesays.com\/fr\/wp-json\/wp\/v2\/media?parent=634375"}],"wp:term":[{"taxonomy":"category","embeddable":true,"href":"https:\/\/www.europesays.com\/fr\/wp-json\/wp\/v2\/categories?post=634375"},{"taxonomy":"post_tag","embeddable":true,"href":"https:\/\/www.europesays.com\/fr\/wp-json\/wp\/v2\/tags?post=634375"}],"curies":[{"name":"wp","href":"https:\/\/api.w.org\/{rel}","templated":true}]}}