{"id":634378,"date":"2026-01-01T14:45:17","date_gmt":"2026-01-01T14:45:17","guid":{"rendered":"https:\/\/www.europesays.com\/fr\/634378\/"},"modified":"2026-01-01T14:45:17","modified_gmt":"2026-01-01T14:45:17","slug":"voeux-aux-francais-pour-2026","status":"publish","type":"post","link":"https:\/\/www.europesays.com\/fr\/634378\/","title":{"rendered":"V\u0153ux aux Fran\u00e7ais pour 2026."},"content":{"rendered":"<p>Fran\u00e7aises, Fran\u00e7ais, mes chers compatriotes,<\/p>\n<p>J&rsquo;ai, en ce soir de 31 d\u00e9cembre, une pens\u00e9e avant tout pour ceux qui assurent la continuit\u00e9 de la Nation\u00a0: forces de s\u00e9curit\u00e9, sapeurs-pompiers, b\u00e9n\u00e9voles, soignants, travailleurs, tous ceux qui sont ce soir comme toujours en premi\u00e8re ligne face aux difficult\u00e9s. Prot\u00e9ger, soigner, nourrir, aider, apporter secours et fraternit\u00e9, ainsi va la vie des grandes nations qui tiennent chaque jour par le d\u00e9vouement de leurs citoyens. J&rsquo;ai une pens\u00e9e en votre nom \u00e0 tous, pour celles et ceux qui sont seuls, malades, dans l&rsquo;\u00e9preuve ou le d\u00e9nuement. Je sais comme la situation est difficile pour beaucoup d&rsquo;entre vous, plac\u00e9s devant des souffrances personnelles et les malheurs de la vie, et je veux vous dire notre soutien et notre affection.<\/p>\n<p>Gr\u00e2ce \u00e0 l&rsquo;engagement de tous, gr\u00e2ce \u00e0 vous, nous tenons. Oui, notre pays tient. Fort de ses institutions, de ses services publics, fort de ses arm\u00e9es qui sont les plus efficaces d&rsquo;Europe, par l&rsquo;engagement de ses soldats. Fort de notre \u00e9conomie, o\u00f9 jamais autant de Fran\u00e7ais n&rsquo;ont eu un emploi, o\u00f9 la croissance se tient et o\u00f9 notre inflation est l&rsquo;une des plus faibles de la zone euro. Fort de notre recherche, de notre excellence acad\u00e9mique, de nos initiatives diplomatiques aussi, qu&rsquo;il s&rsquo;agisse de celles prises pour la paix, le climat ou nos oc\u00e9ans.<\/p>\n<p>Mais au-del\u00e0 de tout cela, nul n&rsquo;est aveugle sur les d\u00e9sordres du monde et nos propres failles. Notre monde est plus dur chaque jour. La guerre et l&rsquo;instabilit\u00e9 continuent d&rsquo;\u00eatre l\u00e0, au Proche et au Moyen-Orient, avec des cons\u00e9quences sur nos \u00e9conomies, nos int\u00e9r\u00eats, parfois notre coh\u00e9sion. Et la guerre continue de s\u00e9vir sur le sol europ\u00e9en, avec une intensit\u00e9 particuli\u00e8re depuis que la Russie a d\u00e9cid\u00e9 d&rsquo;une nouvelle agression de l&rsquo;Ukraine voil\u00e0 bient\u00f4t 4 ans. Nous assistons au retour des empires, \u00e0 la remise en cause de l&rsquo;ordre international, un monde de guerres commerciales, de comp\u00e9tition technologique, souvent d&rsquo;instabilit\u00e9.<\/p>\n<p>Je vois aussi nos propres divisions, nos doutes, la solitude croissante qui existe dans la soci\u00e9t\u00e9, la baisse de notre natalit\u00e9, l&rsquo;ins\u00e9curit\u00e9, les difficult\u00e9s de pouvoir d&rsquo;achat.<\/p>\n<p>Je sais toutes les impatiences, parfois les col\u00e8res, qui continuent d&rsquo;exister dans le pays et je partage plusieurs d&rsquo;entre elles. Ces urgences exigent des r\u00e9ponses. D\u00e8s les premi\u00e8res semaines de l&rsquo;ann\u00e9e qui s&rsquo;ouvre, le Gouvernement et le Parlement auront \u00e0 b\u00e2tir des accords pour doter la nation d&rsquo;un budget. C&rsquo;est indispensable. D\u00e8s le d\u00e9but de l&rsquo;ann\u00e9e 2026, il faudra agir, soutenir nos agriculteurs face aux crises et les prot\u00e9ger de d\u00e9cisions qui peuvent menacer notre capacit\u00e9 \u00e0 produire, comme notre s\u00e9curit\u00e9 alimentaire. Renforcer encore notre \u00e9conomie en simplifiant les r\u00e8gles pour nos entrepreneurs, comme pour nos agriculteurs. Pers\u00e9v\u00e9rer dans nos efforts contre l&rsquo;ins\u00e9curit\u00e9, contre toutes les formes d&rsquo;incivilit\u00e9, et mener sans rel\u00e2che la lutte contre les trafics de drogue sous toutes leurs formes. Continuer \u00e0 reprendre le contr\u00f4le de nos fronti\u00e8res fran\u00e7aises et europ\u00e9ennes face \u00e0 l&rsquo;immigration ill\u00e9gale, poursuivre la formation de nos enseignants et donner les moyens \u00e0 l&rsquo;\u00e9cole comme au coll\u00e8ge de mieux transmettre les savoirs fondamentaux, reconna\u00eetre les comp\u00e9tences de nos m\u00e9decins en ville comme \u00e0 l&rsquo;h\u00f4pital, en simplifiant leur exercice et en leur permettant de davantage d\u00e9cider et d&rsquo;organiser leur activit\u00e9. Mettre en \u0153uvre une d\u00e9centralisation concr\u00e8te et radicale, construite avec nos \u00e9lus de terrain pour simplifier le fonctionnement du pays, faire des \u00e9conomies et r\u00e9pondre aussi, par l\u00e0 m\u00eame, aux aspirations l\u00e9gitimes de la Corse et de plusieurs territoires d&rsquo;Outre-mer. Pour tout cela, et j&rsquo;aurais pu \u00e9grener ici tous les chantiers qui nous attendent, je sais le Gouvernement \u00e0 la t\u00e2che et le Premier ministre d\u00e9termin\u00e9 \u00e0 \u00eatre utile au pays et je veux ce soir les en remercier sinc\u00e8rement. Cela supposera aussi la mobilisation de chacun et les efforts de tous.<\/p>\n<p>Cette ann\u00e9e, se tiendront aussi les \u00e9lections municipales dans nos communes. Et je veux redire ce soir \u00e0 tous les maires, \u00e0 nos \u00e9lus, ma reconnaissance et ma gratitude envers eux. Ils ont \u00e9t\u00e9 durant ces derni\u00e8res ann\u00e9es de tous les combats, de toutes les crises \u00e0 mes c\u00f4t\u00e9s et \u00e0 votre service.<\/p>\n<p>Cette ann\u00e9e doit donc \u00eatre et sera une ann\u00e9e utile.<\/p>\n<p>Je veillerai tout particuli\u00e8rement \u00e0 ce que plusieurs grands chantiers puissent aboutir. Nous verrons les premiers pas du service national<strong>\u00a0<\/strong>pour l&rsquo;engagement de nos jeunes, qui renforcera le lien entre nos arm\u00e9es et la nation. Nous prot\u00e9gerons nos enfants et nos adolescents des r\u00e9seaux sociaux et des \u00e9crans. Nous irons, enfin, au bout du travail l\u00e9gislatif sur la question de la fin de vie dans la dignit\u00e9, sujet sur lequel je m&rsquo;\u00e9tais engag\u00e9, devant vous en 2022.<\/p>\n<p>\u00c0 la fin de l&rsquo;ann\u00e9e, quand le moment sera venu, s&rsquo;ouvrira peu \u00e0 peu la prochaine campagne pour l&rsquo;\u00e9lection pr\u00e9sidentielle de 2027, la premi\u00e8re \u00e0 laquelle je ne participerai pas depuis 10 ans. Pour autant, je serai, jusqu&rsquo;\u00e0 la derni\u00e8re seconde, au travail, t\u00e2chant chaque jour d&rsquo;\u00eatre \u00e0 la hauteur du mandat que vous m&rsquo;avez confi\u00e9, et je ferai tout pour que l&rsquo;\u00e9lection pr\u00e9sidentielle se d\u00e9roule le plus sereinement possible, en particulier \u00e0 l&rsquo;abri de toute ing\u00e9rence \u00e9trang\u00e8re.<\/p>\n<p>Au-del\u00e0 des chantiers \u00e0 mener, je veux avoir, pour notre nation, trois v\u0153ux.<\/p>\n<p>D&rsquo;abord, un v\u0153u d&rsquo;unit\u00e9. Quels que soient les d\u00e9fis, notre histoire nous enseigne que nous pouvons tout relever, tout affronter, si nous savons rester unis. N&rsquo;oublions donc jamais que nos raisons de vivre ensemble sont chaque jour plus fortes que ce qui peut nous diviser, que les flots des urgences, des faits divers ou des mauvaises nouvelles. Notre unit\u00e9 suppose de lutter sans rel\u00e2che contre l&rsquo;antis\u00e9mitisme, contre le racisme, contre toutes les formes de discrimination. Notre unit\u00e9 exige de reconna\u00eetre que chaque Fran\u00e7aise, chaque Fran\u00e7ais a un r\u00f4le \u00e0 jouer pour relever les d\u00e9fis qui sont devant nous, que chacun d&rsquo;entre nous est n\u00e9cessaire et doit \u00eatre encourag\u00e9 et reconnu. Oui, dans notre vie de chaque jour, au fond, je nous souhaite plus de bienveillance et plus d&rsquo;humanit\u00e9.<\/p>\n<p>Mon deuxi\u00e8me v\u0153u est un v\u0153u de force, d&rsquo;ind\u00e9pendance. Alors que la loi du plus fort tente de s&rsquo;imposer dans les affaires du monde et que notre Europe est assaillie de toutes parts, nous devons d\u00e9fendre notre ind\u00e9pendance et nos libert\u00e9s.<\/p>\n<p>Notre ind\u00e9pendance exige que nous continuions d&rsquo;investir dans nos arm\u00e9es, dans nos forces de s\u00e9curit\u00e9, dans nos services publics et notre \u00e9conomie malgr\u00e9 les difficult\u00e9s financi\u00e8res. Depuis 10 ans, j&rsquo;ai beaucoup plaid\u00e9 et nous avons beaucoup fait pour renforcer en Europ\u00e9ens cette ind\u00e9pendance et il nous faut acc\u00e9l\u00e9rer. L&rsquo;Europe de la d\u00e9fense a longtemps \u00e9t\u00e9 un d\u00e9bat, elle a commenc\u00e9 de se faire et en 2026, cela acc\u00e9l\u00e9rera. D\u00e8s le 6 janvier prochain, \u00e0 Paris, de nombreux \u00c9tats europ\u00e9ens et alli\u00e9s prendront des engagements concrets pour prot\u00e9ger l&rsquo;Ukraine et assurer une paix juste et durable sur notre continent europ\u00e9en. Prot\u00e9geons aussi notre Europe industrielle et agricole, en instaurant des r\u00e8gles de commerce loyales, justes vis-\u00e0-vis du reste du monde. Osons \u00eatre une vraie puissance qui assume une pr\u00e9f\u00e9rence europ\u00e9enne pour ses emplois, ses entreprises. B\u00e2tissons une Europe ind\u00e9pendante dans l&rsquo;industrie spatiale, le quantique ou l&rsquo;intelligence artificielle. Il en va de notre prosp\u00e9rit\u00e9 en France comme en Europe.<\/p>\n<p>Mon dernier v\u0153u est un v\u0153u d&rsquo;esp\u00e9rance, esp\u00e9rance pour nous-m\u00eames et pour nos enfants.<\/p>\n<p>Ne renon\u00e7ons pas. Ne renon\u00e7ons pas au progr\u00e8s, encore possible \u00e0 condition de le b\u00e2tir, de travailler dur, d&rsquo;investir dans la dur\u00e9e et de reconna\u00eetre que les avanc\u00e9es v\u00e9ritables ne se font pas en un jour, mais qu&rsquo;elles prennent parfois le temps d&rsquo;une g\u00e9n\u00e9ration.<\/p>\n<p>Ne renon\u00e7ons pas \u00e0 r\u00e9concilier climat, biodiversit\u00e9, croissance et ind\u00e9pendance. Ne renon\u00e7ons pas aux grandes d\u00e9couvertes scientifiques, \u00e0 l&rsquo;amour de la science et de la recherche, aux succ\u00e8s \u00e9conomiques.<\/p>\n<p>Ne renon\u00e7ons pas \u00e0 la place de la lecture, du beau, de la culture. Ne renon\u00e7ons pas chaque jour \u00e0 \u00eatre une nation plus solidaire, plus fraternelle. Oui, au fond, je nous souhaite de r\u00e9sister \u00e0 l&rsquo;air du temps, tout simplement, car nous sommes fran\u00e7ais. Nous devons tenir bon sur ce que nous ch\u00e9rissons, l&rsquo;humain, la paix, la libert\u00e9. Nous y arriverons. Alors, regardons devant et regardons loin, comme citoyens et comme nation.<\/p>\n<p>Mes chers compatriotes de France hexagonale, de nos Outre-mer et vivants \u00e0 l&rsquo;\u00e9tranger, je vous souhaite une tr\u00e8s belle, une tr\u00e8s heureuse ann\u00e9e 2026.<\/p>\n<p>Vive la R\u00e9publique\u00a0! Vive la France\u00a0!<\/p>\n","protected":false},"excerpt":{"rendered":"Fran\u00e7aises, Fran\u00e7ais, mes chers compatriotes, J&rsquo;ai, en ce soir de 31 d\u00e9cembre, une pens\u00e9e avant tout pour ceux&hellip;\n","protected":false},"author":2,"featured_media":634379,"comment_status":"","ping_status":"","sticky":false,"template":"","format":"standard","meta":{"footnotes":""},"categories":[2],"tags":[11,8254,16309,1011,27,12,51235,74173],"class_list":{"0":"post-634378","1":"post","2":"type-post","3":"status-publish","4":"format-standard","5":"has-post-thumbnail","7":"category-actualites","8":"tag-actualites","9":"tag-discours","10":"tag-etat","11":"tag-fr","12":"tag-france","13":"tag-news","14":"tag-territoires-et-outre-mer","15":"tag-voeux"},"share_on_mastodon":{"url":"https:\/\/pubeurope.com\/@fr\/115820384918147210","error":""},"_links":{"self":[{"href":"https:\/\/www.europesays.com\/fr\/wp-json\/wp\/v2\/posts\/634378","targetHints":{"allow":["GET"]}}],"collection":[{"href":"https:\/\/www.europesays.com\/fr\/wp-json\/wp\/v2\/posts"}],"about":[{"href":"https:\/\/www.europesays.com\/fr\/wp-json\/wp\/v2\/types\/post"}],"author":[{"embeddable":true,"href":"https:\/\/www.europesays.com\/fr\/wp-json\/wp\/v2\/users\/2"}],"replies":[{"embeddable":true,"href":"https:\/\/www.europesays.com\/fr\/wp-json\/wp\/v2\/comments?post=634378"}],"version-history":[{"count":0,"href":"https:\/\/www.europesays.com\/fr\/wp-json\/wp\/v2\/posts\/634378\/revisions"}],"wp:featuredmedia":[{"embeddable":true,"href":"https:\/\/www.europesays.com\/fr\/wp-json\/wp\/v2\/media\/634379"}],"wp:attachment":[{"href":"https:\/\/www.europesays.com\/fr\/wp-json\/wp\/v2\/media?parent=634378"}],"wp:term":[{"taxonomy":"category","embeddable":true,"href":"https:\/\/www.europesays.com\/fr\/wp-json\/wp\/v2\/categories?post=634378"},{"taxonomy":"post_tag","embeddable":true,"href":"https:\/\/www.europesays.com\/fr\/wp-json\/wp\/v2\/tags?post=634378"}],"curies":[{"name":"wp","href":"https:\/\/api.w.org\/{rel}","templated":true}]}}