{"id":634380,"date":"2026-01-01T14:48:24","date_gmt":"2026-01-01T14:48:24","guid":{"rendered":"https:\/\/www.europesays.com\/fr\/634380\/"},"modified":"2026-01-01T14:48:24","modified_gmt":"2026-01-01T14:48:24","slug":"saint-etienne-surveille-un-phenomene-bresilien-de-17-ans","status":"publish","type":"post","link":"https:\/\/www.europesays.com\/fr\/634380\/","title":{"rendered":"Saint-\u00c9tienne surveille un ph\u00e9nom\u00e8ne br\u00e9silien de 17 ans"},"content":{"rendered":"<p data-start=\"652\" data-end=\"1000\">Depuis l\u2019arriv\u00e9e du fonds <strong data-start=\"678\" data-end=\"695\">Kilmer Sports<\/strong>, l\u2019<a href=\"https:\/\/www.dailymercato.com\/club\/as-saint-etienne-20\" target=\"_blank\" rel=\"noopener\">AS Saint-\u00c9tienne<\/a> a profond\u00e9ment fait \u00e9voluer sa strat\u00e9gie de recrutement. Appuy\u00e9s par une utilisation renforc\u00e9e de la <strong data-start=\"817\" data-end=\"825\">data<\/strong>, les recruteurs st\u00e9phanois multiplient les pistes \u00e0 l\u2019\u00e9tranger, avec d\u00e9j\u00e0 plusieurs profils venus de <strong data-start=\"927\" data-end=\"977\">Portugal, Jama\u00efque, Isra\u00ebl ou Nouvelle-Z\u00e9lande<\/strong> int\u00e9gr\u00e9s \u00e0 l\u2019effectif.<\/p>\n<p data-start=\"1002\" data-end=\"1334\">Dans cette logique, le nom de <strong data-start=\"1032\" data-end=\"1045\">Raykkonen<\/strong>, attaquant br\u00e9silien de <strong data-start=\"1070\" data-end=\"1080\">17 ans<\/strong>, circule avec insistance dans le Forez. Appartenant \u00e0 <strong data-start=\"1135\" data-end=\"1166\">Goi\u00e1s (Serie B br\u00e9silienne)<\/strong>, le jeune avant-centre est consid\u00e9r\u00e9 comme l\u2019un des profils les plus prometteurs de sa g\u00e9n\u00e9ration et attire d\u00e9j\u00e0 l\u2019attention de clubs comme <strong data-start=\"1307\" data-end=\"1316\">Porto<\/strong> ou <strong data-start=\"1320\" data-end=\"1333\">Newcastle<\/strong>.<\/p>\n<blockquote class=\"twitter-tweet\"><p>&#13;<\/p>\n<p dir=\"ltr\" lang=\"fr\">\u2049\ufe0f L&rsquo; ASSE suit la situation de Raykkonen (17 ans, buteur) de l&rsquo;Internacional \ud83c\udde7\ud83c\uddf7, pr\u00eat\u00e9 par Goi\u00e1s. Il est d\u00e9j\u00e0 apparu chez les pros.<\/p>\n<p>La concurrence est rude (Porto, Newcastle), mais le club br\u00e9silien a une priorit\u00e9 d&rsquo;achat jusqu&rsquo;au 31\/01 et compte bien la lever. \u23f3<\/p>\n<p>(<a href=\"https:\/\/twitter.com\/lancenet?ref_src=twsrc%5Etfw\" target=\"_blank\" rel=\"noopener\">@lancenet<\/a>) <a href=\"https:\/\/t.co\/GTWsw8fazQ\">pic.twitter.com\/GTWsw8fazQ<\/a><\/p>\n<p>&#13;<br \/>\n\u2014 La Mise Au Vert (@LaMiseAuVert_) <a href=\"https:\/\/twitter.com\/LaMiseAuVert_\/status\/2006084158255227194?ref_src=twsrc%5Etfw\" target=\"_blank\" rel=\"noopener\">December 30, 2025<\/a><\/p><\/blockquote>\n<p>Raykkonen, une cible\u2026 mais pas une priorit\u00e9 imm\u00e9diate<\/p>\n<p data-start=\"1400\" data-end=\"1618\">Malgr\u00e9 cet int\u00e9r\u00eat r\u00e9el, <strong data-start=\"1425\" data-end=\"1481\">l\u2019ASSE ne compte pas passer \u00e0 l\u2019action d\u00e8s cet hiver<\/strong>. Selon les informations de Peuple Vert, aucune n\u00e9gociation n\u2019est en cours et <strong data-start=\"1561\" data-end=\"1593\">aucune offre n\u2019est \u00e0 l\u2019\u00e9tude<\/strong> pour le mois de janvier.<\/p>\n<p data-start=\"1620\" data-end=\"1887\">Les dirigeants st\u00e9phanois estiment que <strong data-start=\"1659\" data-end=\"1695\">le timing n\u2019est pas encore id\u00e9al<\/strong> pour une arriv\u00e9e en Europe, a fortiori dans un championnat aussi exigeant que la <strong data-start=\"1777\" data-end=\"1788\">Ligue 2<\/strong>. Le club pr\u00e9f\u00e8re observer l\u2019\u00e9volution du joueur sur la dur\u00e9e avant de se positionner concr\u00e8tement.<\/p>\n<p>Un temps de jeu encore trop limit\u00e9<\/p>\n<p data-start=\"1934\" data-end=\"2142\">Actuellement pr\u00eat\u00e9 \u00e0 <strong data-start=\"1955\" data-end=\"1985\">Internacional Porto Alegre<\/strong>, Raykkonen reste en phase de <strong data-start=\"2015\" data-end=\"2032\">d\u00e9veloppement<\/strong>. En 2025, il n\u2019a encore <strong data-start=\"2057\" data-end=\"2097\">jamais \u00e9t\u00e9 titularis\u00e9 en championnat<\/strong>, un \u00e9l\u00e9ment qui incite l\u2019ASSE \u00e0 la prudence.<\/p>\n<p data-start=\"2144\" data-end=\"2375\">Autre facteur important : <strong data-start=\"2170\" data-end=\"2218\">Internacional dispose d\u2019un accord avec Goi\u00e1s<\/strong> pour lever une option d\u2019achat dans les prochaines semaines. Une situation contractuelle qui repousse m\u00e9caniquement toute offensive europ\u00e9enne \u00e0 moyen terme.<\/p>\n<p>Grand fan de Peter Sagan, je vis au rythme des \u00e9v\u00e9nements sportifs. Dipl\u00f4m\u00e9 d&rsquo;une licence de science politique, je suis revenu \u00e0 ma premi\u00e8re passion en prenant la t\u00eate de la r\u00e9daction de We Sport en juillet 2022, puis plus r\u00e9cemment celle de DailyMercato. Derni\u00e8rement, j&rsquo;ai d\u00e9cid\u00e9 de quitter la grisaille du Pas-de-Calais pour le soleil de l&rsquo;Andalousie.<\/p>\n<p>                            <img decoding=\"async\" class=\"shadow-lg rounded-xl\" width=\"120\" src=\"https:\/\/www.europesays.com\/fr\/wp-content\/uploads\/2025\/12\/nicolas-depres.jpeg\" itemprop=\"image\" alt=\"Photo de Nicolas Depres\"\/><\/p>\n<p>            <script async src=\"https:\/\/platform.twitter.com\/widgets.js\" charset=\"utf-8\"><\/script><\/p>\n","protected":false},"excerpt":{"rendered":"Depuis l\u2019arriv\u00e9e du fonds Kilmer Sports, l\u2019AS Saint-\u00c9tienne a profond\u00e9ment fait \u00e9voluer sa strat\u00e9gie de recrutement. Appuy\u00e9s par&hellip;\n","protected":false},"author":2,"featured_media":634381,"comment_status":"","ping_status":"","sticky":false,"template":"","format":"standard","meta":{"footnotes":""},"categories":[9653],"tags":[1111,11,2430,1777,674,1011,27,12,25,4001],"class_list":{"0":"post-634380","1":"post","2":"type-post","3":"status-publish","4":"format-standard","5":"has-post-thumbnail","7":"category-saint-etienne","8":"tag-actu","9":"tag-actualites","10":"tag-auvergne-rhone-alpes","11":"tag-eu","12":"tag-europe","13":"tag-fr","14":"tag-france","15":"tag-news","16":"tag-republique-francaise","17":"tag-saint-etienne"},"share_on_mastodon":{"url":"https:\/\/pubeurope.com\/@fr\/115820396729273965","error":""},"_links":{"self":[{"href":"https:\/\/www.europesays.com\/fr\/wp-json\/wp\/v2\/posts\/634380","targetHints":{"allow":["GET"]}}],"collection":[{"href":"https:\/\/www.europesays.com\/fr\/wp-json\/wp\/v2\/posts"}],"about":[{"href":"https:\/\/www.europesays.com\/fr\/wp-json\/wp\/v2\/types\/post"}],"author":[{"embeddable":true,"href":"https:\/\/www.europesays.com\/fr\/wp-json\/wp\/v2\/users\/2"}],"replies":[{"embeddable":true,"href":"https:\/\/www.europesays.com\/fr\/wp-json\/wp\/v2\/comments?post=634380"}],"version-history":[{"count":0,"href":"https:\/\/www.europesays.com\/fr\/wp-json\/wp\/v2\/posts\/634380\/revisions"}],"wp:featuredmedia":[{"embeddable":true,"href":"https:\/\/www.europesays.com\/fr\/wp-json\/wp\/v2\/media\/634381"}],"wp:attachment":[{"href":"https:\/\/www.europesays.com\/fr\/wp-json\/wp\/v2\/media?parent=634380"}],"wp:term":[{"taxonomy":"category","embeddable":true,"href":"https:\/\/www.europesays.com\/fr\/wp-json\/wp\/v2\/categories?post=634380"},{"taxonomy":"post_tag","embeddable":true,"href":"https:\/\/www.europesays.com\/fr\/wp-json\/wp\/v2\/tags?post=634380"}],"curies":[{"name":"wp","href":"https:\/\/api.w.org\/{rel}","templated":true}]}}