{"id":634382,"date":"2026-01-01T14:53:12","date_gmt":"2026-01-01T14:53:12","guid":{"rendered":"https:\/\/www.europesays.com\/fr\/634382\/"},"modified":"2026-01-01T14:53:12","modified_gmt":"2026-01-01T14:53:12","slug":"le-sporting-toulon-mise-sur-le-retour-dallione-et-gomis","status":"publish","type":"post","link":"https:\/\/www.europesays.com\/fr\/634382\/","title":{"rendered":"Le Sporting Toulon mise sur le retour d\u2019Allione et Gomis"},"content":{"rendered":"<p class=\"fs-5 \">Originaire de Toulon et libre de tout contrat depuis juillet dernier,<strong> Allione (25 ans) s\u2019est engag\u00e9 avec l\u2019espoir de se relancer apr\u00e8s une derni\u00e8re saison au RFC Seraing<\/strong> (Challenger Pro League, deuxi\u00e8me division belge).<\/p>\n<p class=\"fs-5 \">Le lat\u00e9ral gauche portera pour la troisi\u00e8me fois de sa carri\u00e8re la tunique Azur et Or, apr\u00e8s un passage en jeunes et en 2023-2024 sous l\u2019\u00e8re Teddy Bertin, et devrait apporter sa grinta et son exp\u00e9rience au flanc gauche de la d\u00e9fense toulonnaise.<\/p>\n<p>        <img src=\"https:\/\/www.europesays.com\/fr\/wp-content\/uploads\/2026\/01\/5ab4b37_upload-from-url-1-goxnwi1kvdtm-data-art-16849875.jpg\"   loading=\"lazy\" decoding=\"async\" alt=\"Claude Joye, le propri\u00e9taire du SC Toulon, envisage quatre recrues d\u00e8s cet hiver. \" class=\"img-fluid position-absolute w-100 object-fit-cover rounded-2\" width=\"600\" height=\"400\"\/><\/p>\n<p>                                                                                David Gomis, l\u2019atout exp\u00e9rience<\/p>\n<p class=\"fs-5 \">Tout aussi symbolique, <strong>David Gomis (33 ans), n\u00e9 \u00e0 Toulon, revient \u00e9galement au bercail,<\/strong> apr\u00e8s avoir d\u00e9but\u00e9 au Sporting au tout d\u00e9but de sa carri\u00e8re (2011), puis \u00e9volu\u00e9 \u00e0 Toulon Le Las et \u00e0 nouveau au Sporting entre 2013 et 2017 (avec plus de 90 apparitions et une vingtaine de buts en divisions inf\u00e9rieures).<\/p>\n<p class=\"fs-5 \">En \u00e9chec \u00e0 Ch\u00e2teauroux, qu\u2019il avait rejoint l\u2019\u00e9t\u00e9 dernier, le milieu offensif avait ensuite embrass\u00e9 une carri\u00e8re pro en Ligue 2 (Gaz\u00e9lec Ajaccio, Clermont, Pau) et \u00e0 l\u2019\u00e9tranger (Sabail, Azerba\u00efdjan). Un come-back tout aussi prometteur, Gomis \u00e9tant dot\u00e9 d\u2019une exp\u00e9rience et d\u2019une capacit\u00e9 \u00e0 peser dans la surface adverse qui devrait beaucoup apporter \u00e0 l\u2019effectif de Mohamed Sadani.<\/p>\n<p>                                                                                Les grandes manoeuvres<\/p>\n<p class=\"fs-5 \">Ces deux signatures forment un signal \u00e0 l\u2019aube de la seconde moiti\u00e9 de saison en National 2, alors que le propri\u00e9taire du club Claude Joye nous confiait mardi que le classement de son \u00e9quipe n\u2019\u00e9tait pas en ad\u00e9quation avec l\u2019investissement r\u00e9alis\u00e9 par le club sur certains joueurs.<\/p>\n<p class=\"fs-5 \">Le staff toulonnais r\u00e9cup\u00e8re ainsi un c\u00f4t\u00e9 gauche exp\u00e9riment\u00e9 et capable de performer imm\u00e9diatement dans le contexte local. Dans le m\u00eame temps, il devra composer sans le d\u00e9fenseur Ibrahim Fall et le milieu Danny Fofana, flops du mercato estival et lib\u00e9r\u00e9s ce jeudi. D\u2019autres d\u00e9parts et arriv\u00e9es pourraient suivre en ce mois de janvier.<\/p>\n","protected":false},"excerpt":{"rendered":"Originaire de Toulon et libre de tout contrat depuis juillet dernier, Allione (25 ans) s\u2019est engag\u00e9 avec l\u2019espoir&hellip;\n","protected":false},"author":2,"featured_media":634383,"comment_status":"","ping_status":"","sticky":false,"template":"","format":"standard","meta":{"footnotes":""},"categories":[9619],"tags":[1111,11,1777,674,1011,27,12,882,25,2310],"class_list":{"0":"post-634382","1":"post","2":"type-post","3":"status-publish","4":"format-standard","5":"has-post-thumbnail","7":"category-toulon","8":"tag-actu","9":"tag-actualites","10":"tag-eu","11":"tag-europe","12":"tag-fr","13":"tag-france","14":"tag-news","15":"tag-provence-alpes-cote-dazur","16":"tag-republique-francaise","17":"tag-toulon"},"share_on_mastodon":{"url":"https:\/\/pubeurope.com\/@fr\/115820416438560890","error":""},"_links":{"self":[{"href":"https:\/\/www.europesays.com\/fr\/wp-json\/wp\/v2\/posts\/634382","targetHints":{"allow":["GET"]}}],"collection":[{"href":"https:\/\/www.europesays.com\/fr\/wp-json\/wp\/v2\/posts"}],"about":[{"href":"https:\/\/www.europesays.com\/fr\/wp-json\/wp\/v2\/types\/post"}],"author":[{"embeddable":true,"href":"https:\/\/www.europesays.com\/fr\/wp-json\/wp\/v2\/users\/2"}],"replies":[{"embeddable":true,"href":"https:\/\/www.europesays.com\/fr\/wp-json\/wp\/v2\/comments?post=634382"}],"version-history":[{"count":0,"href":"https:\/\/www.europesays.com\/fr\/wp-json\/wp\/v2\/posts\/634382\/revisions"}],"wp:featuredmedia":[{"embeddable":true,"href":"https:\/\/www.europesays.com\/fr\/wp-json\/wp\/v2\/media\/634383"}],"wp:attachment":[{"href":"https:\/\/www.europesays.com\/fr\/wp-json\/wp\/v2\/media?parent=634382"}],"wp:term":[{"taxonomy":"category","embeddable":true,"href":"https:\/\/www.europesays.com\/fr\/wp-json\/wp\/v2\/categories?post=634382"},{"taxonomy":"post_tag","embeddable":true,"href":"https:\/\/www.europesays.com\/fr\/wp-json\/wp\/v2\/tags?post=634382"}],"curies":[{"name":"wp","href":"https:\/\/api.w.org\/{rel}","templated":true}]}}