{"id":634388,"date":"2026-01-01T15:04:11","date_gmt":"2026-01-01T15:04:11","guid":{"rendered":"https:\/\/www.europesays.com\/fr\/634388\/"},"modified":"2026-01-01T15:04:11","modified_gmt":"2026-01-01T15:04:11","slug":"pollution-de-lair-nouvelle-alerte-en-ille-et-vilaine-ce-jeudi","status":"publish","type":"post","link":"https:\/\/www.europesays.com\/fr\/634388\/","title":{"rendered":"Pollution de l\u2019air\u00a0: nouvelle alerte en Ille-et-Vilaine ce jeudi"},"content":{"rendered":"<p>Alors que le pr\u00e9c\u00e9dent \u00e9pisode de pollution de l\u2019air s\u2019est termin\u00e9 <a href=\"https:\/\/www.letelegramme.fr\/ille-et-vilaine\/la-qualite-de-lair-sameliore-en-ille-et-vilaine-lalerte-pollution-enfin-levee-6955498.php\" target=\"_blank\" rel=\"noopener\">il y a \u00e0 peine deux jours<\/a> en Ille-et-Vilaine, une nouvelle alerte est lanc\u00e9e ce jeudi 1er janvier 2026. En cause : un niveau de particules fines (PM2,5) \u00e9lev\u00e9, rendant la qualit\u00e9 de l\u2019air \u00ab mauvaise \u00bb \u00e0 Rennes et dans plusieurs autres points au centre et au sud du d\u00e9partement, selon l\u2019observatoire Air Breizh.<\/p>\n<p>\u00c0 Saint-Malo, la qualit\u00e9 de l\u2019air est \u00ab moyenne \u00bb, tout comme \u00e0 Saint-Brieuc, Brest, Quimper, Vannes et dans le Centre-Bretagne. Elle est revanche \u00ab d\u00e9grad\u00e9e \u00bb \u00e0 Brest, Lorient et Vannes.<\/p>\n<p>Du fait du niveau \u00e9lev\u00e9 de particules fines \u00e0 Rennes, l\u2019agence r\u00e9gionale de sant\u00e9 (ARS) Bretagne \u00e9met <a href=\"https:\/\/www.airbreizh.asso.fr\/accueil\/recommandations-sanitaires\/recommandations-sanitaires-depassement-de-seuil-en-particules-fines-pm10-pm2-5\/\" target=\"_blank\" rel=\"noopener\">plusieurs recommandations sanitaires<\/a> en direction des personnes vuln\u00e9rables et sensibles, mais aussi de la population g\u00e9n\u00e9rale, \u00e0 qui il est conseill\u00e9 de \u00ab maintenir les pratiques habituelles de ventilation et d\u2019a\u00e9ration (la situation, lors d\u2019un \u00e9pisode de pollution, ne justifie pas des mesures de confinement) et de ne pas aggraver les effets de cette pollution en s\u2019exposant \u00e0 des facteurs irritants suppl\u00e9mentaires : fum\u00e9e de tabac, utilisation de solvants en espace int\u00e9rieur, chauffage au bois, exposition aux pollens en saison\u2026 \u00bb<\/p>\n<p>Fin de l\u2019\u00e9pisode demain<\/p>\n<p><a href=\"https:\/\/www.letelegramme.fr\/ille-et-vilaine\/rennes-35000\/pourquoi-les-alertes-a-la-pollution-de-lair-ont-explose-a-rennes-6796810.php\" target=\"_blank\" rel=\"noopener\">Fr\u00e9quents en hiver<\/a>, les pics de pollution s\u2019expliquent par la combinaison des effets du trafic routier, du chauffage domestique et de conditions m\u00e9t\u00e9o anticycloniques qui bloquent les polluants au sol. Selon Air Breizh, l\u2019\u00e9pisode en cours devrait se terminer demain, vendredi 2 janvier. L\u2019observatoire pr\u00e9voit une qualit\u00e9 de l\u2019air \u00ab moyenne \u00bb partout en Bretagne, sauf \u00e0 Lorient, o\u00f9 il sera \u00ab d\u00e9grad\u00e9 \u00bb.<\/p>\n","protected":false},"excerpt":{"rendered":"Alors que le pr\u00e9c\u00e9dent \u00e9pisode de pollution de l\u2019air s\u2019est termin\u00e9 il y a \u00e0 peine deux jours&hellip;\n","protected":false},"author":2,"featured_media":634389,"comment_status":"","ping_status":"","sticky":false,"template":"","format":"standard","meta":{"footnotes":""},"categories":[2821],"tags":[1111,11,829,1777,674,1011,27,848,12,1800,4042,584,25],"class_list":{"0":"post-634388","1":"post","2":"type-post","3":"status-publish","4":"format-standard","5":"has-post-thumbnail","7":"category-rennes","8":"tag-actu","9":"tag-actualites","10":"tag-bretagne","11":"tag-eu","12":"tag-europe","13":"tag-fr","14":"tag-france","15":"tag-ille-et-vilaine","16":"tag-news","17":"tag-pollution","18":"tag-pollution-atmospherique","19":"tag-rennes","20":"tag-republique-francaise"},"share_on_mastodon":{"url":"https:\/\/pubeurope.com\/@fr\/115820459934333835","error":""},"_links":{"self":[{"href":"https:\/\/www.europesays.com\/fr\/wp-json\/wp\/v2\/posts\/634388","targetHints":{"allow":["GET"]}}],"collection":[{"href":"https:\/\/www.europesays.com\/fr\/wp-json\/wp\/v2\/posts"}],"about":[{"href":"https:\/\/www.europesays.com\/fr\/wp-json\/wp\/v2\/types\/post"}],"author":[{"embeddable":true,"href":"https:\/\/www.europesays.com\/fr\/wp-json\/wp\/v2\/users\/2"}],"replies":[{"embeddable":true,"href":"https:\/\/www.europesays.com\/fr\/wp-json\/wp\/v2\/comments?post=634388"}],"version-history":[{"count":0,"href":"https:\/\/www.europesays.com\/fr\/wp-json\/wp\/v2\/posts\/634388\/revisions"}],"wp:featuredmedia":[{"embeddable":true,"href":"https:\/\/www.europesays.com\/fr\/wp-json\/wp\/v2\/media\/634389"}],"wp:attachment":[{"href":"https:\/\/www.europesays.com\/fr\/wp-json\/wp\/v2\/media?parent=634388"}],"wp:term":[{"taxonomy":"category","embeddable":true,"href":"https:\/\/www.europesays.com\/fr\/wp-json\/wp\/v2\/categories?post=634388"},{"taxonomy":"post_tag","embeddable":true,"href":"https:\/\/www.europesays.com\/fr\/wp-json\/wp\/v2\/tags?post=634388"}],"curies":[{"name":"wp","href":"https:\/\/api.w.org\/{rel}","templated":true}]}}