{"id":634392,"date":"2026-01-01T15:06:10","date_gmt":"2026-01-01T15:06:10","guid":{"rendered":"https:\/\/www.europesays.com\/fr\/634392\/"},"modified":"2026-01-01T15:06:10","modified_gmt":"2026-01-01T15:06:10","slug":"un-balcon-prend-feu-au-port-du-rhin-des-jeunes-viennent-au-secours-des-sinistres","status":"publish","type":"post","link":"https:\/\/www.europesays.com\/fr\/634392\/","title":{"rendered":"un balcon prend feu au Port-du-Rhin, des jeunes viennent au secours des sinistr\u00e9s"},"content":{"rendered":"<p>\u00ab Faut \u00e9vacuer \u00bb. \u00ab Sortez, sortez ! \u00bb. Il est 22 h 45 quand la route du Rhin s\u2019agite soudainement \u00e0 l\u2019angle de la rue de l\u2019Abb\u00e9 Fran\u00e7ois-Xavier-Scherer. \u00c0 proximit\u00e9 des rames du tramway, des jeunes lancent \u00e0 grands cris des appels \u00e0 fuir. Quelques minutes plus t\u00f4t, \u00ab une fus\u00e9e a atteint un balcon du premier \u00e9tage sur lequel un sapin et du mobilier de jardin \u00e9taient entrepos\u00e9s \u00bb, selon un jeune homme t\u00e9moin du sinistre. Les flammes n\u2019ont pas tard\u00e9 \u00e0 s\u2019attiser et \u00e0 embraser le logement, l\u00e9chant le niveau sup\u00e9rieur.<\/p>\n<p>Pr\u00e9sent \u00e0 quelques m\u00e8tres, un jeune homme, sweat et capuche verte sur la t\u00eate, d\u00e9cide de passer \u00e0 l\u2019action. \u00ab J\u2019ai d\u00fb mettre deux \u00e0 trois coups de pied&#8230;<\/p>\n","protected":false},"excerpt":{"rendered":"\u00ab Faut \u00e9vacuer \u00bb. \u00ab Sortez, sortez ! \u00bb. Il est 22 h 45 quand la route du&hellip;\n","protected":false},"author":2,"featured_media":634393,"comment_status":"","ping_status":"","sticky":false,"template":"","format":"standard","meta":{"footnotes":""},"categories":[2820],"tags":[1111,11,2880,1777,674,274,107,1011,27,775,1310,12,25,640,2879],"class_list":{"0":"post-634392","1":"post","2":"type-post","3":"status-publish","4":"format-standard","5":"has-post-thumbnail","7":"category-strasbourg","8":"tag-actu","9":"tag-actualites","10":"tag-edition-strasbourg","11":"tag-eu","12":"tag-europe","13":"tag-faits-divers-justice","14":"tag-fil-info","15":"tag-fr","16":"tag-france","17":"tag-grand-est","18":"tag-incendie","19":"tag-news","20":"tag-republique-francaise","21":"tag-strasbourg","22":"tag-strasbourg-ville"},"share_on_mastodon":{"url":"https:\/\/pubeurope.com\/@fr\/115820467787990534","error":""},"_links":{"self":[{"href":"https:\/\/www.europesays.com\/fr\/wp-json\/wp\/v2\/posts\/634392","targetHints":{"allow":["GET"]}}],"collection":[{"href":"https:\/\/www.europesays.com\/fr\/wp-json\/wp\/v2\/posts"}],"about":[{"href":"https:\/\/www.europesays.com\/fr\/wp-json\/wp\/v2\/types\/post"}],"author":[{"embeddable":true,"href":"https:\/\/www.europesays.com\/fr\/wp-json\/wp\/v2\/users\/2"}],"replies":[{"embeddable":true,"href":"https:\/\/www.europesays.com\/fr\/wp-json\/wp\/v2\/comments?post=634392"}],"version-history":[{"count":0,"href":"https:\/\/www.europesays.com\/fr\/wp-json\/wp\/v2\/posts\/634392\/revisions"}],"wp:featuredmedia":[{"embeddable":true,"href":"https:\/\/www.europesays.com\/fr\/wp-json\/wp\/v2\/media\/634393"}],"wp:attachment":[{"href":"https:\/\/www.europesays.com\/fr\/wp-json\/wp\/v2\/media?parent=634392"}],"wp:term":[{"taxonomy":"category","embeddable":true,"href":"https:\/\/www.europesays.com\/fr\/wp-json\/wp\/v2\/categories?post=634392"},{"taxonomy":"post_tag","embeddable":true,"href":"https:\/\/www.europesays.com\/fr\/wp-json\/wp\/v2\/tags?post=634392"}],"curies":[{"name":"wp","href":"https:\/\/api.w.org\/{rel}","templated":true}]}}