{"id":634400,"date":"2026-01-01T15:11:11","date_gmt":"2026-01-01T15:11:11","guid":{"rendered":"https:\/\/www.europesays.com\/fr\/634400\/"},"modified":"2026-01-01T15:11:11","modified_gmt":"2026-01-01T15:11:11","slug":"ahmed-kantari-recrute-son-ancienne-pepite","status":"publish","type":"post","link":"https:\/\/www.europesays.com\/fr\/634400\/","title":{"rendered":"Ahmed Kantari recrute son ancienne p\u00e9pite"},"content":{"rendered":"<p><b>Actif dans son recrutement hivernal, le FC Nantes fait confiance \u00e0 son nouvel entra\u00eeneur Ahmed Kantari. Le successeur de Luis Castro a convaincu ses dirigeants de travailler sur l\u2019arriv\u00e9e du Franco-Guin\u00e9en Mohamed Kaba, son ancien milieu de terrain \u00e0 Valenciennes.<\/b><\/p>\n<p>Le <a href=\"https:\/\/www.foot01.com\/equipe\/nantes\/\" target=\"_blank\" rel=\"noopener\">FC Nantes<\/a> a bien compris l\u2019urgence de la situation. Avant la tr\u00eave, les Canaris ont termin\u00e9 l\u2019ann\u00e9e civile avec trois d\u00e9faites cons\u00e9cutives en championnat. Pire, l\u2019actuel avant-dernier de Ligue 1 n\u2019a remport\u00e9 aucun de ses sept derniers matchs dans la comp\u00e9tition. Cette s\u00e9rie aussi inqui\u00e9tante que le contenu des rencontres avait incit\u00e9 le gardien Anthony Lopes \u00e0 r\u00e9clamer du renfort. Et l\u2019appel du nouveau capitaine a bien \u00e9t\u00e9 entendu.Le club de Waldemar Kita, qui avait d\u00e9j\u00e0 conclu l\u2019arriv\u00e9e du lat\u00e9ral gauche Deiver Machado comme joker, a pr\u00e9vu d\u2019empiler les recrues pendant le <a href=\"https:\/\/www.foot01.com\/mercato\" title=\"Mercato\" target=\"_blank\" rel=\"noopener\">mercato<\/a> hivernal. Le milieu offensif R\u00e9my Cabella ne sera pas le seul nouveau venu. Apr\u00e8s le joueur pr\u00eat\u00e9 par l\u2019Olympiakos, le milieu d\u00e9fensif de Bochum Ibrahima Sissoko devrait signer dans le cadre d\u2019un transfert, tandis que l\u2019ailier du Torino Zakaria Aboukhlal se rapproche en pr\u00eat. Tout ce petit monde va d\u00e9j\u00e0 bien renforcer l\u2019effectif. Mais le FC Nantes ne compte pas s\u2019arr\u00eater l\u00e0. Selon les informations d\u2019Ouest-France, les dirigeants nantais veulent aussi obtenir le pr\u00eat de Mohamed Kaba.<\/p>\n<p>Le milieu de terrain vit une saison compliqu\u00e9e \u00e0 Lecce o\u00f9 il n\u2019est apparu qu\u2019\u00e0 11 reprises en Serie A, pour seulement deux titularisations. En r\u00e9alit\u00e9, le Franco-Guin\u00e9en est en difficult\u00e9 depuis son arriv\u00e9e en 2023, notamment \u00e0 cause de sa rupture du ligament crois\u00e9 d\u2019un genou subie en mars 2024. Son aventure d\u00e9cevante en Italie n\u2019a pourtant pas refroidi le FC Nantes. Et pour cause, son nouvel entra\u00eeneur Ahmed Kantari l\u2019a eu sous ses ordres \u00e0 Valenciennes, son club formateur. L\u2019ancien Valenciennois avait m\u00eame \u00e9t\u00e9 \u00e9lu meilleur joueur du club lors de la saison 2022-2023 avant son d\u00e9part. Le coach des Canaris en a donc gard\u00e9 de bons souvenirs.<\/p>\n","protected":false},"excerpt":{"rendered":"Actif dans son recrutement hivernal, le FC Nantes fait confiance \u00e0 son nouvel entra\u00eeneur Ahmed Kantari. Le successeur&hellip;\n","protected":false},"author":2,"featured_media":634401,"comment_status":"","ping_status":"","sticky":false,"template":"","format":"standard","meta":{"footnotes":""},"categories":[2818],"tags":[1111,11,1777,674,462,1011,27,1434,766,12,2636,25],"class_list":{"0":"post-634400","1":"post","2":"type-post","3":"status-publish","4":"format-standard","5":"has-post-thumbnail","7":"category-nantes","8":"tag-actu","9":"tag-actualites","10":"tag-eu","11":"tag-europe","12":"tag-fc-nantes","13":"tag-fr","14":"tag-france","15":"tag-mercato","16":"tag-nantes","17":"tag-news","18":"tag-pays-de-la-loire","19":"tag-republique-francaise"},"share_on_mastodon":{"url":"https:\/\/pubeurope.com\/@fr\/115820487175057743","error":""},"_links":{"self":[{"href":"https:\/\/www.europesays.com\/fr\/wp-json\/wp\/v2\/posts\/634400","targetHints":{"allow":["GET"]}}],"collection":[{"href":"https:\/\/www.europesays.com\/fr\/wp-json\/wp\/v2\/posts"}],"about":[{"href":"https:\/\/www.europesays.com\/fr\/wp-json\/wp\/v2\/types\/post"}],"author":[{"embeddable":true,"href":"https:\/\/www.europesays.com\/fr\/wp-json\/wp\/v2\/users\/2"}],"replies":[{"embeddable":true,"href":"https:\/\/www.europesays.com\/fr\/wp-json\/wp\/v2\/comments?post=634400"}],"version-history":[{"count":0,"href":"https:\/\/www.europesays.com\/fr\/wp-json\/wp\/v2\/posts\/634400\/revisions"}],"wp:featuredmedia":[{"embeddable":true,"href":"https:\/\/www.europesays.com\/fr\/wp-json\/wp\/v2\/media\/634401"}],"wp:attachment":[{"href":"https:\/\/www.europesays.com\/fr\/wp-json\/wp\/v2\/media?parent=634400"}],"wp:term":[{"taxonomy":"category","embeddable":true,"href":"https:\/\/www.europesays.com\/fr\/wp-json\/wp\/v2\/categories?post=634400"},{"taxonomy":"post_tag","embeddable":true,"href":"https:\/\/www.europesays.com\/fr\/wp-json\/wp\/v2\/tags?post=634400"}],"curies":[{"name":"wp","href":"https:\/\/api.w.org\/{rel}","templated":true}]}}