{"id":634402,"date":"2026-01-01T15:13:14","date_gmt":"2026-01-01T15:13:14","guid":{"rendered":"https:\/\/www.europesays.com\/fr\/634402\/"},"modified":"2026-01-01T15:13:14","modified_gmt":"2026-01-01T15:13:14","slug":"au-guidon-dun-velo-en-bois-un-jeune-bordelais-atteint-la-laponie-en-48-jours","status":"publish","type":"post","link":"https:\/\/www.europesays.com\/fr\/634402\/","title":{"rendered":"Au guidon d\u2019un v\u00e9lo en bois, un jeune Bordelais atteint la Laponie en 48 jours"},"content":{"rendered":"<blockquote><p>Le cadre est compos\u00e9 d\u2019un m\u00e9lange de bois et de fibres de carbone. On utilise des mat\u00e9riaux biosourc\u00e9s, comme le bois qui vient de Nouvelle-Aquitaine, et nous assemblons les v\u00e9los dans notre atelier rochelais. C\u2019est rare, 99\u00a0% des v\u00e9los du commerce sont fabriqu\u00e9s en Asie\u00a0\u00bb<\/p><\/blockquote>\n<p>    Sur le m\u00eame sujet<\/p>\n<p>                        <a href=\"https:\/\/www.sudouest.fr\/sante\/les-bonnes-nouvelles-de-2026-et-surtout-la-sante-27211903.php\" title=\"Les bonnes nouvelles de 2026\u00a0: \u00ab\u00a0Et surtout la sant\u00e9\u00a0!\u00a0\u00bb\" target=\"_blank\" rel=\"noopener\"><br \/>\n                            <img decoding=\"async\" src=\"https:\/\/www.europesays.com\/fr\/wp-content\/uploads\/2026\/01\/1767280393_504_20250424120521-a14a2528.jpg\" alt=\"Les bonnes nouvelles de 2026\u00a0: \u00ab\u00a0Et surtout la sant\u00e9\u00a0!\u00a0\u00bb\"\/><br \/>\n                        <\/a><\/p>\n<p>                    <a href=\"https:\/\/www.sudouest.fr\/sante\/les-bonnes-nouvelles-de-2026-et-surtout-la-sante-27211903.php\" title=\"Les bonnes nouvelles de 2026\u00a0: \u00ab\u00a0Et surtout la sant\u00e9\u00a0!\u00a0\u00bb\" target=\"_blank\" rel=\"noopener\"><\/p>\n<p>\n                            Les bonnes nouvelles de 2026\u00a0: \u00ab\u00a0Et surtout la sant\u00e9\u00a0!\u00a0\u00bb\n                        <\/p>\n<p>                    <\/a><\/p>\n<p>\n                        Et si pour une fois, nous observions le verre \u00e0 moiti\u00e9 plein, plut\u00f4t que le contraire\u00a0? Malgr\u00e9 son cort\u00e8ge de mauvaises nouvelles, 2026 nous promet aussi quelques promesses r\u00e9jouissantes, dans le domaine de la sant\u00e9 notamment, pr\u00e9occupation majeure des Fran\u00e7ais \u00e0 ce jour\n                    <\/p>\n<p>\u00ab\u00a0Le cadre est compos\u00e9 d\u2019un m\u00e9lange de bois et de fibres de carbone. On utilise des mat\u00e9riaux biosourc\u00e9s, comme le bois qui vient de Nouvelle-Aquitaine, et nous assemblons les v\u00e9los dans notre atelier rochelais. C\u2019est rare, 99\u00a0% des v\u00e9los du commerce sont fabriqu\u00e9s en Asie\u00a0\u00bb, explique Guillaume Bolzec, un des deux autres cofondateurs. Un design intriguant mais qui s\u00e9duit\u00a0: le carnet de commandes pour 2026 est d\u00e9j\u00e0 bien rempli.<\/p>\n<p>V\u00e9lo fiable en terres hostiles<\/p>\n<p>Pourtant, on ne peut pas dire que les prix soient vraiment concurrentiels\u00a0: avec des v\u00e9los commercialis\u00e9s autour de 4\u00a0000\u00a0euros, l\u2019entreprise mise sur du haut de gamme, sur des partenaires pr\u00e9cieux comme le skipper Fran\u00e7ois Gabart et sur une communication l\u00e9ch\u00e9e. \u00ab\u00a0Nous avons essay\u00e9 de travailler notre site web, nous postons sur notre compte Instagram et sommes pr\u00e9sents \u00e0 plein d\u2019\u00e9v\u00e9nements\u00a0\u00bb, note Guillaume Bolzec.<\/p>\n<p>        <img decoding=\"async\" id=\"27253926\" src=\"https:\/\/www.europesays.com\/fr\/wp-content\/uploads\/2026\/01\/inaugurationgonnel-julien-rabier-008.jpg\" alt=\"Les trois fondateurs et Fran\u00e7ois Gabart, navigateur fran\u00e7ais, entr\u00e9 au capital des Ateliers Gonnel.\" itemprop=\"contentURL\"\/><\/p>\n<p>    Les trois fondateurs et Fran\u00e7ois Gabart, navigateur fran\u00e7ais, entr\u00e9 au capital des Ateliers Gonnel.<\/p>\n<p>Julien Rabier\u00a0\/\u00a0Les ateliers Gonnel<\/p>\n<p>C\u2019est d\u2019ailleurs dans l\u2019un d\u2019entre eux que les trois fondateurs ont rencontr\u00e9 Baptiste Ecalle. <a href=\"https:\/\/www.instagram.com\/baptiste.odyssey\/\" target=\"_blank\" rel=\"nofollow noopener\">Bien connu sur les r\u00e9seaux sociaux<\/a>, le cr\u00e9ateur de contenu bordelais est devenu l\u2019un des ambassadeurs de la marque cet hiver en rejoignant depuis Paris la ville du P\u00e8re No\u00ebl, en Laponie, au guidon d\u2019un v\u00e9lo Gonnel.<\/p>\n<p>    Sur le m\u00eame sujet<\/p>\n<p>                        <a href=\"https:\/\/www.sudouest.fr\/gironde\/merignac\/economie-2026-il-faudra-lever-les-yeux-pour-contempler-l-eclaircie-27245633.php\" title=\"\u00c9conomie 2026\u00a0: il faudra lever les yeux pour contempler l\u2019\u00e9claircie\" target=\"_blank\" rel=\"noopener\"><br \/>\n                            <img decoding=\"async\" src=\"https:\/\/www.europesays.com\/fr\/wp-content\/uploads\/2026\/01\/1767280394_669_20251120192618-a14a7659.jpg\" alt=\"\u00c9conomie 2026\u00a0: il faudra lever les yeux pour contempler l\u2019\u00e9claircie\"\/><br \/>\n                        <\/a><\/p>\n<p>                    <a href=\"https:\/\/www.sudouest.fr\/gironde\/merignac\/economie-2026-il-faudra-lever-les-yeux-pour-contempler-l-eclaircie-27245633.php\" title=\"\u00c9conomie 2026\u00a0: il faudra lever les yeux pour contempler l\u2019\u00e9claircie\" target=\"_blank\" rel=\"noopener\"><\/p>\n<p>\n                            \u00c9conomie 2026\u00a0: il faudra lever les yeux pour contempler l\u2019\u00e9claircie\n                        <\/p>\n<p>                    <\/a><\/p>\n<p>\n                        Oubliez la morosit\u00e9, la Nouvelle-Aquitaine pourrait vivre une ann\u00e9e 2026 riche en bonnes nouvelles \u00e9conomiques gr\u00e2ce \u00e0 une combinaison d\u2019investissements industriels, de dynamisme des PME innovantes et de projets structurants dans des secteurs cl\u00e9s. Voici des exemples de bonnes raisons d\u2019esp\u00e9rer\n                    <\/p>\n<p>        <script async src=\"\/\/www.instagram.com\/embed.js\"><\/script><\/p>\n","protected":false},"excerpt":{"rendered":"Le cadre est compos\u00e9 d\u2019un m\u00e9lange de bois et de fibres de carbone. On utilise des mat\u00e9riaux biosourc\u00e9s,&hellip;\n","protected":false},"author":2,"featured_media":634403,"comment_status":"","ping_status":"","sticky":false,"template":"","format":"standard","meta":{"footnotes":""},"categories":[2817],"tags":[1111,11,1997,1777,674,1011,27,12,2219,25],"class_list":{"0":"post-634402","1":"post","2":"type-post","3":"status-publish","4":"format-standard","5":"has-post-thumbnail","7":"category-bordeaux","8":"tag-actu","9":"tag-actualites","10":"tag-bordeaux","11":"tag-eu","12":"tag-europe","13":"tag-fr","14":"tag-france","15":"tag-news","16":"tag-nouvelle-aquitaine","17":"tag-republique-francaise"},"share_on_mastodon":{"url":"https:\/\/pubeurope.com\/@fr\/115820495322604990","error":""},"_links":{"self":[{"href":"https:\/\/www.europesays.com\/fr\/wp-json\/wp\/v2\/posts\/634402","targetHints":{"allow":["GET"]}}],"collection":[{"href":"https:\/\/www.europesays.com\/fr\/wp-json\/wp\/v2\/posts"}],"about":[{"href":"https:\/\/www.europesays.com\/fr\/wp-json\/wp\/v2\/types\/post"}],"author":[{"embeddable":true,"href":"https:\/\/www.europesays.com\/fr\/wp-json\/wp\/v2\/users\/2"}],"replies":[{"embeddable":true,"href":"https:\/\/www.europesays.com\/fr\/wp-json\/wp\/v2\/comments?post=634402"}],"version-history":[{"count":0,"href":"https:\/\/www.europesays.com\/fr\/wp-json\/wp\/v2\/posts\/634402\/revisions"}],"wp:featuredmedia":[{"embeddable":true,"href":"https:\/\/www.europesays.com\/fr\/wp-json\/wp\/v2\/media\/634403"}],"wp:attachment":[{"href":"https:\/\/www.europesays.com\/fr\/wp-json\/wp\/v2\/media?parent=634402"}],"wp:term":[{"taxonomy":"category","embeddable":true,"href":"https:\/\/www.europesays.com\/fr\/wp-json\/wp\/v2\/categories?post=634402"},{"taxonomy":"post_tag","embeddable":true,"href":"https:\/\/www.europesays.com\/fr\/wp-json\/wp\/v2\/tags?post=634402"}],"curies":[{"name":"wp","href":"https:\/\/api.w.org\/{rel}","templated":true}]}}