{"id":634408,"date":"2026-01-01T15:17:11","date_gmt":"2026-01-01T15:17:11","guid":{"rendered":"https:\/\/www.europesays.com\/fr\/634408\/"},"modified":"2026-01-01T15:17:11","modified_gmt":"2026-01-01T15:17:11","slug":"escapade-hivernale-dans-le-vieux-lille","status":"publish","type":"post","link":"https:\/\/www.europesays.com\/fr\/634408\/","title":{"rendered":"Escapade hivernale dans le Vieux-Lille"},"content":{"rendered":"<p>        <a href=\"https:\/\/www.linternaute.com\/sortir\/escapade\/1351099-une-escapade-enchantee-au-coeur-de-l-hiver-a-lille\/1352411-la-grand-place\" class=\"app_button_nav_next jMiddleNextButton\" target=\"_blank\" rel=\"noopener\"><\/a><a href=\"https:\/\/www.linternaute.com\/sortir\/escapade\/1351099-une-escapade-enchantee-au-coeur-de-l-hiver-a-lille\/1352411-la-grand-place\" class=\"ccmcss_cms_figure__linkright jMiddleNextZone\" target=\"_blank\" rel=\"noopener\"><\/p>\n<p>                <\/a><\/p>\n<p>Naviguez au clavier<\/p>\n<p>                    Pr\u00e9c\u00e9dent<br \/>\n                    Suivant<br \/>\n                <a href=\"https:\/\/img-4.linternaute.com\/Jin8wvRJENWw1Zuv4p4IsjC4byk=\/1240x\/smart\/4297103753064f5bbe478af8ef8d6854\/ccmcms-linternaute\/10438430.jpg\" class=\"fancy app_btn_1 app_btn--ico jZoomDiapo\" target=\"_blank\" rel=\"noopener\"><\/a><img loading=\"lazy\" decoding=\"async\" width=\"620\" height=\"414\" src=\"https:\/\/www.europesays.com\/fr\/wp-content\/uploads\/2026\/01\/10438430.jpg\" alt=\"Escapade hivernale dans le Vieux-Lille\"\/><\/p>\n<p class=\"app_entry_diapo__description jDiaporamaLegend\" data-length=\"449\">Dans le Vieux-Lille, centre historique de la ville, les maisons anciennes, h\u00f4tels particuliers et monuments historiques se d\u00e9voilent au fil des rues. Remarquable ambassadeur du style n\u00e9o-flamand que l&rsquo;on doit \u00e0 l&rsquo;architecte Louis-Marie Cordonnier, l&rsquo;\u00e9difice qui abrite la <strong>Chambre de commerce de Lille<\/strong> a \u00e9t\u00e9 \u00e9difi\u00e9 sur la place du Th\u00e9\u00e2tre entre 1910\u00a0et 1921.<br \/>\u00a9\u00a0 Henryk Sadura-123RF<\/p>\n","protected":false},"excerpt":{"rendered":"Naviguez au clavier Pr\u00e9c\u00e9dent Suivant Dans le Vieux-Lille, centre historique de la ville, les maisons anciennes, h\u00f4tels particuliers&hellip;\n","protected":false},"author":2,"featured_media":634409,"comment_status":"","ping_status":"","sticky":false,"template":"","format":"standard","meta":{"footnotes":""},"categories":[2815],"tags":[1111,11,74259,51761,7713,1777,674,53051,1011,27,811,1307,12,25],"class_list":{"0":"post-634408","1":"post","2":"type-post","3":"status-publish","4":"format-standard","5":"has-post-thumbnail","7":"category-lille","8":"tag-actu","9":"tag-actualites","10":"tag-cms-linternaute-1352405","11":"tag-controller-content","12":"tag-escapade","13":"tag-eu","14":"tag-europe","15":"tag-format-diaporama","16":"tag-fr","17":"tag-france","18":"tag-hauts-de-france","19":"tag-lille","20":"tag-news","21":"tag-republique-francaise"},"share_on_mastodon":{"url":"https:\/\/pubeurope.com\/@fr\/115820510957963190","error":""},"_links":{"self":[{"href":"https:\/\/www.europesays.com\/fr\/wp-json\/wp\/v2\/posts\/634408","targetHints":{"allow":["GET"]}}],"collection":[{"href":"https:\/\/www.europesays.com\/fr\/wp-json\/wp\/v2\/posts"}],"about":[{"href":"https:\/\/www.europesays.com\/fr\/wp-json\/wp\/v2\/types\/post"}],"author":[{"embeddable":true,"href":"https:\/\/www.europesays.com\/fr\/wp-json\/wp\/v2\/users\/2"}],"replies":[{"embeddable":true,"href":"https:\/\/www.europesays.com\/fr\/wp-json\/wp\/v2\/comments?post=634408"}],"version-history":[{"count":0,"href":"https:\/\/www.europesays.com\/fr\/wp-json\/wp\/v2\/posts\/634408\/revisions"}],"wp:featuredmedia":[{"embeddable":true,"href":"https:\/\/www.europesays.com\/fr\/wp-json\/wp\/v2\/media\/634409"}],"wp:attachment":[{"href":"https:\/\/www.europesays.com\/fr\/wp-json\/wp\/v2\/media?parent=634408"}],"wp:term":[{"taxonomy":"category","embeddable":true,"href":"https:\/\/www.europesays.com\/fr\/wp-json\/wp\/v2\/categories?post=634408"},{"taxonomy":"post_tag","embeddable":true,"href":"https:\/\/www.europesays.com\/fr\/wp-json\/wp\/v2\/tags?post=634408"}],"curies":[{"name":"wp","href":"https:\/\/api.w.org\/{rel}","templated":true}]}}