{"id":634410,"date":"2026-01-01T15:18:10","date_gmt":"2026-01-01T15:18:10","guid":{"rendered":"https:\/\/www.europesays.com\/fr\/634410\/"},"modified":"2026-01-01T15:18:10","modified_gmt":"2026-01-01T15:18:10","slug":"a-marseille-leglise-saint-martin-darenc-est-en-voie-detre-sauvee-grace-a-la-mobilisation-des-riverains","status":"publish","type":"post","link":"https:\/\/www.europesays.com\/fr\/634410\/","title":{"rendered":"\u00c0 Marseille, l\u2019\u00e9glise Saint-Martin d\u2019Arenc est en voie d\u2019\u00eatre sauv\u00e9e gr\u00e2ce \u00e0 la mobilisation des riverains"},"content":{"rendered":"<p class=\"paragraph text_align_left lp-f-body-02\">\u00ab Elle n\u2019est peut-\u00eatre pas d\u00e9finitivement sauv\u00e9e mais elle a obtenu au moins un sursis ! \u00bb M\u00eame si elle a \u00e9t\u00e9 d\u00e9sacralis\u00e9e il y a pr\u00e8s de 50 ans en 1977, l\u2019imposante \u00e9glise n\u00e9ogothique Saint-Martin d\u2019Arenc construite en 1913 reste l\u2019\u00e2me de ce quartier populaire d\u2019Arenc, dans le IIIe arrondissement et tout proche du port industriel de Marseille.<\/p>\n<p class=\"\">Apr\u00e8s une longue concertation, son propri\u00e9taire actuel, le d\u00e9partement des <a href=\"https:\/\/www.leparisien.fr\/bouches-du-rhone-13\/\" target=\"_blank\" rel=\"noreferrer noopener\">Bouches-du-Rh\u00f4ne<\/a>, a annonc\u00e9 qu\u2019il serait d\u2019accord pour qu\u2019apr\u00e8s 8 millions d\u2019euros de travaux de r\u00e9novation le lieu ainsi que son immense jardin trouvent dans les prochaines ann\u00e9es d\u2019autres vocations, notamment culturelles. \u00c0 condition qu\u2019un op\u00e9rateur se manifeste pour en prendre la gestion.<\/p>\n<p>Ferm\u00e9e pour des raisons de s\u00e9curit\u00e9<\/p>\n<p class=\"\">Vendu en 2018 au conseil d\u00e9partemental par le dioc\u00e8se qui avait renonc\u00e9 \u00e0 y installer un lyc\u00e9e catholique, l\u2019\u00e9difice religieux qui plafonne \u00e0 22 m de haut est aujourd\u2019hui en piteux \u00e9tat, tagu\u00e9 et domaine des pigeons, et toujours ferm\u00e9 au public pour des raisons de s\u00e9curit\u00e9. Fragilis\u00e9s par les travaux d\u2019un tunnel ferroviaire, ses piliers de sout\u00e8nement en bois ont boug\u00e9 entra\u00eenant d\u2019inqui\u00e9tantes fissures sur le b\u00e2timent.<\/p>\n<p class=\"\">Se retrouvant \u00e0 la t\u00eate de cet encombrant patrimoine n\u00e9cessitant d\u2019important et co\u00fbteux travaux pour pouvoir lui trouver une destination, <a href=\"https:\/\/www.leparisien.fr\/culture-loisirs\/eglises-menacees-je-lai-toujours-vue-fermee-a-marseille-saint-martin-darenc-est-a-vendre-14-01-2023-GCTNTBYM6BGGJPUI3D5NFCKBQE.php\" target=\"_self\" rel=\"noopener\">le d\u00e9partement avait lanc\u00e9 en 2023 un processus de vente<\/a> qui avait finalement capot\u00e9 apr\u00e8s une mobilisation massive des riverains.<\/p>\n<p class=\"\">\u00ab \u00c0 coups de r\u00e9unions, de cr\u00e9ation d\u2019un comit\u00e9, de p\u00e9titions et de manifestations, on a r\u00e9ussi \u00e0 les faire changer d\u2019avis \u00bb, se souvient Patrick Langer, pr\u00e9sident du comit\u00e9 d\u2019int\u00e9r\u00eat de quartier (CIQ) Arenc-Villette. \u00ab Cette \u00e9glise est magnifique, c\u2019est notre monument. Dans un quartier qui manque d\u00e9j\u00e0 cruellement d\u2019espaces verts, les riverains craignaient qu\u2019on ne la d\u00e9truise et que l\u2019on construise une tour \u00e0 la place. \u00bb<\/p>\n<p class=\"\">En collaboration avec l\u2019association \u00ab Sites et Monuments \u00bb, le CIQ a d\u2019ailleurs d\u00e9pos\u00e9 d\u00e8s 2023 une demande de classement au titre des Monuments historiques, le b\u00e2timent de pr\u00e8s de 1 000 m2 \u00e9tant sign\u00e9 de l\u2019embl\u00e9matique architecte proven\u00e7al du d\u00e9but du XXe si\u00e8cle, Th\u00e9odore Dupoux. Le dossier est toujours en cours d\u2019instruction.<\/p>\n<p>\u00ab Une premi\u00e8re victoire due \u00e0 notre mobilisation \u00bb<\/p>\n<p class=\"\">\u00ab La d\u00e9cision du d\u00e9partement est une premi\u00e8re victoire due \u00e0 notre mobilisation, mais je me r\u00e9jouirai vraiment quand je verrai des engins de chantier sur le site \u00bb, reprend Antoine Cacioppo, le vice-pr\u00e9sident du CIQ. \u00ab <a href=\"https:\/\/www.ciqarencvillette.fr\/CIQ_AV\/index.php?\" target=\"_self\" rel=\"noopener\">On s\u2019est battu pour sauver cette \u00e9glise<\/a>, maintenant ce n\u2019est pas nous qui d\u00e9ciderons de ce que l\u2019on mettra dedans\u2026 M\u00eame si on n\u2019est pas loin du port et qu\u2019on pourrait y installer l\u2019ancien mus\u00e9e de la Marine de la Canebi\u00e8re ferm\u00e9 en 2019 et dont les 50 000 pi\u00e8ces sont entass\u00e9es dans des cartons. \u00bb<\/p>\n<p class=\"\">Le march\u00e9 de ma\u00eetrise d\u2019\u0153uvre devrait \u00eatre lanc\u00e9 d\u00e8s cette ann\u00e9e avant la phase des travaux de confortement d\u2019ici 2028 \u2013 2029 et la restauration proprement dite au d\u00e9but des ann\u00e9es 2030.<\/p>\n<p class=\"\">\u00ab Pour la destination du b\u00e2timent et du jardin, nous allons mener de larges consultations et on ne s\u2019interdit rien \u00bb, pr\u00e9voit Laure-Agn\u00e8s Caradec, la conseill\u00e8re d\u00e9partementale en charge du dossier. \u00ab Ce sera un lieu qui rayonnera sur le quartier et ne cr\u00e9era pas de nuisance. \u00bb<\/p>\n","protected":false},"excerpt":{"rendered":"\u00ab Elle n\u2019est peut-\u00eatre pas d\u00e9finitivement sauv\u00e9e mais elle a obtenu au moins un sursis ! \u00bb M\u00eame&hellip;\n","protected":false},"author":2,"featured_media":634411,"comment_status":"","ping_status":"","sticky":false,"template":"","format":"standard","meta":{"footnotes":""},"categories":[2814],"tags":[1111,11,11004,459,1777,674,1011,27,884,12,882,25],"class_list":{"0":"post-634410","1":"post","2":"type-post","3":"status-publish","4":"format-standard","5":"has-post-thumbnail","7":"category-marseille","8":"tag-actu","9":"tag-actualites","10":"tag-bouches-du-rhone-13","11":"tag-departements-horsidfo","12":"tag-eu","13":"tag-europe","14":"tag-fr","15":"tag-france","16":"tag-marseille","17":"tag-news","18":"tag-provence-alpes-cote-dazur","19":"tag-republique-francaise"},"share_on_mastodon":{"url":"https:\/\/pubeurope.com\/@fr\/115820514753089868","error":""},"_links":{"self":[{"href":"https:\/\/www.europesays.com\/fr\/wp-json\/wp\/v2\/posts\/634410","targetHints":{"allow":["GET"]}}],"collection":[{"href":"https:\/\/www.europesays.com\/fr\/wp-json\/wp\/v2\/posts"}],"about":[{"href":"https:\/\/www.europesays.com\/fr\/wp-json\/wp\/v2\/types\/post"}],"author":[{"embeddable":true,"href":"https:\/\/www.europesays.com\/fr\/wp-json\/wp\/v2\/users\/2"}],"replies":[{"embeddable":true,"href":"https:\/\/www.europesays.com\/fr\/wp-json\/wp\/v2\/comments?post=634410"}],"version-history":[{"count":0,"href":"https:\/\/www.europesays.com\/fr\/wp-json\/wp\/v2\/posts\/634410\/revisions"}],"wp:featuredmedia":[{"embeddable":true,"href":"https:\/\/www.europesays.com\/fr\/wp-json\/wp\/v2\/media\/634411"}],"wp:attachment":[{"href":"https:\/\/www.europesays.com\/fr\/wp-json\/wp\/v2\/media?parent=634410"}],"wp:term":[{"taxonomy":"category","embeddable":true,"href":"https:\/\/www.europesays.com\/fr\/wp-json\/wp\/v2\/categories?post=634410"},{"taxonomy":"post_tag","embeddable":true,"href":"https:\/\/www.europesays.com\/fr\/wp-json\/wp\/v2\/tags?post=634410"}],"curies":[{"name":"wp","href":"https:\/\/api.w.org\/{rel}","templated":true}]}}