{"id":634412,"date":"2026-01-01T15:19:10","date_gmt":"2026-01-01T15:19:10","guid":{"rendered":"https:\/\/www.europesays.com\/fr\/634412\/"},"modified":"2026-01-01T15:19:10","modified_gmt":"2026-01-01T15:19:10","slug":"a-quoi-ressemblera-le-mercato-hivernal-de-marseille","status":"publish","type":"post","link":"https:\/\/www.europesays.com\/fr\/634412\/","title":{"rendered":"A quoi ressemblera le mercato hivernal de Marseille ?"},"content":{"rendered":"<p>Apr\u00e8s un \u00e9t\u00e9 marqu\u00e9 par un recrutement ambitieux et co\u00fbteux, <strong>l\u2019Olympique de Marseille<\/strong> aborde l\u2019hiver avec une marge de man\u0153uvre r\u00e9duite. Le club devra avant tout vendre avant d\u2019esp\u00e9rer se renforcer, tout en restant attentif \u00e0 d\u2019\u00e9ventuelles belles opportunit\u00e9s.<\/p>\n<p>\u00ab\u202fLe mois de janvier va \u00eatre tr\u00e8s important avec le retour de trois joueurs que nous n\u2019avons pas eus vraiment depuis le d\u00e9but de la saison\u202f\u2014\u202f<strong>Isma\u00efla Traor\u00e9<\/strong>, <strong>Facundo Medina<\/strong> et <strong>Amine Gouiri<\/strong>. C\u2019est le moment de faire des r\u00e9ajustements\u202f\u00bb, d\u00e9clarait <strong>Pablo Longoria<\/strong> le 14 d\u00e9cembre, apr\u00e8s la victoire face \u00e0 <strong>l\u2019AS Monaco<\/strong>. Mais \u00e0 <strong>Marseille<\/strong>, parler de mercato et de tranquillit\u00e9 reste un pari audacieux.<\/p>\n<p>Des ventes n\u00e9cessaires pour respirer<\/p>\n<p>Pour esp\u00e9rer accueillir du sang neuf, il faudra d\u2019abord all\u00e9ger la masse salariale et encaisser quelques indemnit\u00e9s. Si <strong>Frank McCourt<\/strong> garde la main sur les finances, la direction sait que l\u2019\u00e9quilibre reste fragile. Dans ce contexte, plusieurs joueurs pourraient \u00eatre pouss\u00e9s vers la sortie, \u00e0 commencer par <strong>Angel Gomes<\/strong>.<br \/>Le milieu anglais, arriv\u00e9 libre de <strong>Lille<\/strong>, n\u2019a pas convaincu et pourrait \u00eatre c\u00e9d\u00e9 sans grand regret. L\u2019OM le consid\u00e8re d\u00e9sormais comme une valeur marchande exploitable.<\/p>\n<p>Les dossiers chauds : Bakola et Vaz<\/p>\n<p>Deux jeunes talents form\u00e9s au club, <strong>Darryl Bakola<\/strong> et <strong>Robinio Vaz<\/strong>, se trouvent \u00e9galement au c\u0153ur des discussions. Le premier, brillant en Ligue des Champions face \u00e0 <strong>Newcastle<\/strong>, a vu sa cote grimper. Alors qu\u2019une prolongation jusqu\u2019en 2027 est dans les tuyaux, un d\u00e9part cet hiver n\u2019est pas exclu s\u2019il ne prolonge pas rapidement. <strong>Chelsea<\/strong>, <strong>Newcastle<\/strong>, <strong>Arsenal<\/strong>, mais aussi <strong>Stuttgart<\/strong> et <strong>Dortmund<\/strong> suivent attentivement sa situation. L\u2019OM, de son c\u00f4t\u00e9, \u00e9value Bakola entre 15 et 20\u202fmillions d\u2019euros.<\/p>\n<p>M\u00eame sc\u00e9nario pour <strong>Robinio Vaz<\/strong>, 18 ans, \u00e0 qui le club a propos\u00e9 une prolongation assortie d\u2019un salaire multipli\u00e9 par sept. Toujours en attente de sa r\u00e9ponse, le joueur est \u00e9galement courtis\u00e9 en Angleterre et en Allemagne. Son transfert pourrait rapporter entre 25 et 30\u202fmillions d\u2019euros.<\/p>\n<p>Des opportunit\u00e9s \u00e0 saisir<\/p>\n<p>En parall\u00e8le, <strong>Marseille<\/strong> reste \u00e0 l\u2019aff\u00fbt d\u2019opportunit\u00e9s sur le march\u00e9. Le retour esp\u00e9r\u00e9 de <strong>Medina<\/strong>, <strong>Traor\u00e9<\/strong> et <strong>Gouiri<\/strong> redonnera des options, mais la cellule de recrutement garde plusieurs pistes chaudes.<\/p>\n<p>La premi\u00e8re m\u00e8ne \u00e0 <strong>Himad Abdelli<\/strong>, milieu d\u2019<strong>Angers SCO<\/strong>, libre en juin prochain et r\u00e9cemment appel\u00e9 \u00e0 la CAN par l\u2019<strong>Alg\u00e9rie<\/strong>. L\u2019OM et <strong>l\u2019OL<\/strong> se livrent d\u00e9j\u00e0 bataille pour attirer le joueur de 23\u202fans.<\/p>\n<p>Autre profil observ\u00e9\u202f: <strong>Souffian El Karouani<\/strong>, lat\u00e9ral gauche marocain de <strong>l\u2019Utrecht FC<\/strong>, l\u2019un des d\u00e9fenseurs les plus d\u00e9cisifs d\u2019Europe avec 3\u202fbuts et 15\u202fpasses d\u00e9cisives.<\/p>\n<p>Enfin, les dirigeants marseillais songent \u00e0 recruter une doublure de <strong>Mason Greenwood<\/strong>, actuellement intouchable sur le flanc droit de l\u2019attaque, mais qu\u2019il faudra m\u00e9nager dans un calendrier particuli\u00e8rement charg\u00e9.<\/p>\n","protected":false},"excerpt":{"rendered":"Apr\u00e8s un \u00e9t\u00e9 marqu\u00e9 par un recrutement ambitieux et co\u00fbteux, l\u2019Olympique de Marseille aborde l\u2019hiver avec une marge&hellip;\n","protected":false},"author":2,"featured_media":634413,"comment_status":"","ping_status":"","sticky":false,"template":"","format":"standard","meta":{"footnotes":""},"categories":[2814],"tags":[1111,11,1777,674,1011,27,884,12,882,25],"class_list":{"0":"post-634412","1":"post","2":"type-post","3":"status-publish","4":"format-standard","5":"has-post-thumbnail","7":"category-marseille","8":"tag-actu","9":"tag-actualites","10":"tag-eu","11":"tag-europe","12":"tag-fr","13":"tag-france","14":"tag-marseille","15":"tag-news","16":"tag-provence-alpes-cote-dazur","17":"tag-republique-francaise"},"share_on_mastodon":{"url":"https:\/\/pubeurope.com\/@fr\/115820518728320538","error":""},"_links":{"self":[{"href":"https:\/\/www.europesays.com\/fr\/wp-json\/wp\/v2\/posts\/634412","targetHints":{"allow":["GET"]}}],"collection":[{"href":"https:\/\/www.europesays.com\/fr\/wp-json\/wp\/v2\/posts"}],"about":[{"href":"https:\/\/www.europesays.com\/fr\/wp-json\/wp\/v2\/types\/post"}],"author":[{"embeddable":true,"href":"https:\/\/www.europesays.com\/fr\/wp-json\/wp\/v2\/users\/2"}],"replies":[{"embeddable":true,"href":"https:\/\/www.europesays.com\/fr\/wp-json\/wp\/v2\/comments?post=634412"}],"version-history":[{"count":0,"href":"https:\/\/www.europesays.com\/fr\/wp-json\/wp\/v2\/posts\/634412\/revisions"}],"wp:featuredmedia":[{"embeddable":true,"href":"https:\/\/www.europesays.com\/fr\/wp-json\/wp\/v2\/media\/634413"}],"wp:attachment":[{"href":"https:\/\/www.europesays.com\/fr\/wp-json\/wp\/v2\/media?parent=634412"}],"wp:term":[{"taxonomy":"category","embeddable":true,"href":"https:\/\/www.europesays.com\/fr\/wp-json\/wp\/v2\/categories?post=634412"},{"taxonomy":"post_tag","embeddable":true,"href":"https:\/\/www.europesays.com\/fr\/wp-json\/wp\/v2\/tags?post=634412"}],"curies":[{"name":"wp","href":"https:\/\/api.w.org\/{rel}","templated":true}]}}