{"id":634414,"date":"2026-01-01T15:20:10","date_gmt":"2026-01-01T15:20:10","guid":{"rendered":"https:\/\/www.europesays.com\/fr\/634414\/"},"modified":"2026-01-01T15:20:10","modified_gmt":"2026-01-01T15:20:10","slug":"la-plus-grande-degustation-de-galettes-des-rois-organisee-a-lyon","status":"publish","type":"post","link":"https:\/\/www.europesays.com\/fr\/634414\/","title":{"rendered":"La plus grande d\u00e9gustation de galettes des rois organis\u00e9e \u00e0 Lyon"},"content":{"rendered":"<p itemprop=\"description\"><strong>C\u2019est l\u2019un des moments gourmands de chaque d\u00e9but d\u2019ann\u00e9e.<\/strong><\/p>\n<p>L\u2019\u00c9piphanie se d\u00e9roulera cette ann\u00e9e le mardi 6 janvier. L\u2019occasion de d\u00e9guster la traditionnelle galette des rois pour les amateurs de cette gourmandise. Il sera \u00e9galement possible de prendre de l\u2019avance \u00e0 Lyon avec un \u00e9v\u00e8nement qui devrait en ravir plus d\u2019un.<\/p>\n<p>Une grande d\u00e9gustation de galettes des rois est en effet organis\u00e9e ce dimanche 4 janvier par Inside Lyon du c\u00f4t\u00e9 d\u2019In-Sted dans le 3e arrondissement de Lyon. Ce sont douze des meilleurs p\u00e2tissiers et boulangers de la capitale des Gaules qui seront pr\u00e9sents pour faire d\u00e9guster les galettes au public attendu du 10h \u00e0 18h.\u00a0<\/p>\n<p>On retrouvera par exemple les galettes des Fr\u00e8res Dorner, de S\u00e8ve, de Caroline Hubert, de Mariller, de Little ou encore de Little. Une d\u00e9gustation de cidres est \u00e9galement au programme tout comme des ateliers cuisine pour les enfants. Un pass permettra notamment aux visiteurs de go\u00fbter l\u2019ensemble des galettes.<\/p>\n<p>Toutes les informations sont \u00e0 retrouver <a href=\"https:\/\/my.weezevent.com\/galette-party-2?_gl=1*wwfbv3*_gcl_au*ODgzMzI4ODc1LjE3NjU5NjQ5OTEuMTE4MDIyNzI1NC4xNzY1OTY0OTkzLjE3NjU5NjU1OTg.*_ga*MTA5ODg4Nzg0NC4xNzY1OTY0OTkx*_ga_39H9VBFX7G*czE3NjYwNzI4MTQkbzkkZzEkdDE3NjYwNzMxMTUkajYwJGwwJGgzNTk5NzI3NTk.&amp;fbclid=PAZXh0bgNhZW0CMTEAc3J0YwZhcHBfaWQMMjU2MjgxMDQwNTU4AAGnAEOSKxpFSXVBL-KfVryp798LlEJyU8C4JYIAZcHnqCeiRE_wM50pQsQ_MQg_aem_oFZE76qD2yKtdAKtceNgOA\" target=\"_blank\" rel=\"noopener\">ici<\/a>\u00a0<\/p>\n<blockquote class=\"instagram-media\" style=\"background: #FFF; border: 0; border-radius: 3px; box-shadow: 0 0 1px 0 rgba(0,0,0,0.5),0 1px 10px 0 rgba(0,0,0,0.15); margin: 1px; max-width: 540px; min-width: 326px; padding: 0; width: calc(100% - 2px);\" data-instgrm-captioned=\"\" data-instgrm-permalink=\"https:\/\/www.instagram.com\/p\/DSaedgcDHsE\/?utm_source=ig_embed&amp;utm_campaign=loading\" data-instgrm-version=\"14\"><p>&#13;<br \/>\n&#13;\n<\/p><\/blockquote>\n<p>\t\t  <script async src=\"\/\/www.instagram.com\/embed.js\"><\/script><\/p>\n","protected":false},"excerpt":{"rendered":"C\u2019est l\u2019un des moments gourmands de chaque d\u00e9but d\u2019ann\u00e9e. L\u2019\u00c9piphanie se d\u00e9roulera cette ann\u00e9e le mardi 6 janvier.&hellip;\n","protected":false},"author":2,"featured_media":634415,"comment_status":"","ping_status":"","sticky":false,"template":"","format":"standard","meta":{"footnotes":""},"categories":[1889],"tags":[1111,11,2813,2190,2430,1109,251,1112,2811,1777,674,118,1011,27,1922,1110,1114,2428,2810,12,241,316,25,2812,517,800],"class_list":{"0":"post-634414","1":"post","2":"type-post","3":"status-publish","4":"format-standard","5":"has-post-thumbnail","7":"category-lyon","8":"tag-actu","9":"tag-actualites","10":"tag-article","11":"tag-asvel","12":"tag-auvergne-rhone-alpes","13":"tag-breves","14":"tag-culture","15":"tag-depeches","16":"tag-economique","17":"tag-eu","18":"tag-europe","19":"tag-faits-divers","20":"tag-fr","21":"tag-france","22":"tag-info","23":"tag-informations","24":"tag-infos","25":"tag-lyon","26":"tag-lyonmag","27":"tag-news","28":"tag-ol","29":"tag-politique","30":"tag-republique-francaise","31":"tag-sociale","32":"tag-sport","33":"tag-transports"},"share_on_mastodon":{"url":"https:\/\/pubeurope.com\/@fr\/115820522671737514","error":""},"_links":{"self":[{"href":"https:\/\/www.europesays.com\/fr\/wp-json\/wp\/v2\/posts\/634414","targetHints":{"allow":["GET"]}}],"collection":[{"href":"https:\/\/www.europesays.com\/fr\/wp-json\/wp\/v2\/posts"}],"about":[{"href":"https:\/\/www.europesays.com\/fr\/wp-json\/wp\/v2\/types\/post"}],"author":[{"embeddable":true,"href":"https:\/\/www.europesays.com\/fr\/wp-json\/wp\/v2\/users\/2"}],"replies":[{"embeddable":true,"href":"https:\/\/www.europesays.com\/fr\/wp-json\/wp\/v2\/comments?post=634414"}],"version-history":[{"count":0,"href":"https:\/\/www.europesays.com\/fr\/wp-json\/wp\/v2\/posts\/634414\/revisions"}],"wp:featuredmedia":[{"embeddable":true,"href":"https:\/\/www.europesays.com\/fr\/wp-json\/wp\/v2\/media\/634415"}],"wp:attachment":[{"href":"https:\/\/www.europesays.com\/fr\/wp-json\/wp\/v2\/media?parent=634414"}],"wp:term":[{"taxonomy":"category","embeddable":true,"href":"https:\/\/www.europesays.com\/fr\/wp-json\/wp\/v2\/categories?post=634414"},{"taxonomy":"post_tag","embeddable":true,"href":"https:\/\/www.europesays.com\/fr\/wp-json\/wp\/v2\/tags?post=634414"}],"curies":[{"name":"wp","href":"https:\/\/api.w.org\/{rel}","templated":true}]}}