{"id":634420,"date":"2026-01-01T15:24:12","date_gmt":"2026-01-01T15:24:12","guid":{"rendered":"https:\/\/www.europesays.com\/fr\/634420\/"},"modified":"2026-01-01T15:24:12","modified_gmt":"2026-01-01T15:24:12","slug":"nouvel-an-125-gardes-a-vue-a-paris-contre-104-lan-passe-actualites","status":"publish","type":"post","link":"https:\/\/www.europesays.com\/fr\/634420\/","title":{"rendered":"Nouvel An: 125 gardes \u00e0 vue \u00e0 Paris, contre 104 l&rsquo;an pass\u00e9 : Actualit\u00e9s"},"content":{"rendered":"<p class=\"lead \">Cent vingt-cinq personnes ont \u00e9t\u00e9 plac\u00e9es en garde \u00e0 vue \u00e0 Paris apr\u00e8s avoir interpell\u00e9es en marge des festivit\u00e9s du Nouvel An, soit un peu plus que l&rsquo;ann\u00e9e derni\u00e8re o\u00f9 elles \u00e9taient 104, a indiqu\u00e9 jeudi le parquet, sollicit\u00e9 par l&rsquo;AFP.<\/p>\n<p class=\"lead \">Le minist\u00e8re public a pr\u00e9cis\u00e9 n&rsquo;avoir \u00e9t\u00e9 avis\u00e9 d&rsquo;aucun incendie de v\u00e9hicule ni mobilier urbain dans la capitale.<\/p>\n<p class=\"lead \">Les 125 personnes plac\u00e9es en garde \u00e0 vue sont \u00e2g\u00e9es de 17 \u00e0 53 ans. Une seule femme figure parmi elles tendis que 15 sont mineures (dont au moins trois ne rel\u00e8vent pas du parquet de Paris en raison de leur commune de r\u00e9sidence), a-t-il expliqu\u00e9.<\/p>\n<p class=\"lead \">Soixante-quinze gardes \u00e0 vue ont \u00e9t\u00e9 prises avant minuit, tandis que les autres ont eu lieu essentiellement autour de 02H00 du matin.<\/p>\n<p class=\"lead \">Parmi les 125 personnes en garde \u00e0 vue, 33 sont le sont pour violences volontaires, 15 pour participation \u00e0 groupement en vue de commettre des violences ou d\u00e9gradations, dix pour d\u00e9tention de produits psychotropes (notamment d\u00e9tention de bombonnes de protoxyde d&rsquo;azote) et huit pour usage de stup\u00e9fiants, a d\u00e9taill\u00e9 le parquet.<\/p>\n<p class=\"lead \">Le ministre de l&rsquo;Int\u00e9rieur Laurent Nu\u00f1ez avait assur\u00e9 mercredi qu'\u00a0\u00bbaucun d\u00e9bordement\u00a0\u00bb ne serait tol\u00e9r\u00e9 pendant ce r\u00e9veillon, promettant des \u00ab\u00a0interpellations syst\u00e9matiques\u00a0\u00bb en cas de troubles.<\/p>\n<p class=\"lead \">Environ 90.000 policiers et gendarmes avaient \u00e9t\u00e9 mobilis\u00e9s pour cette soir\u00e9e en France, dont 10.000 pour Paris et la petite couronne.<\/p>\n<p class=\"lead \">Mardi, dans une circulaire adress\u00e9e aux procureurs g\u00e9n\u00e9raux et aux procureurs de la R\u00e9publique, le ministre de la Justice G\u00e9rald Darmanin a r\u00e9clam\u00e9 pour sa part \u00ab\u00a0la plus grand fermet\u00e9\u00a0\u00bb, demandant aux parquets \u00ab\u00a0de requ\u00e9rir de la prison ferme\u00a0\u00bb en cas de violences contre les forces de l&rsquo;ordre ainsi que \u00ab\u00a0contre les femmes et les enfants\u00a0\u00bb.<\/p>\n<p class=\"lead \">L&rsquo;ann\u00e9e derni\u00e8re, dans toute la France, il y avait eu 984 v\u00e9hicules incendi\u00e9s, 420 interpellations et 310 gardes \u00e0 vue.<\/p>\n<p class=\"small font-weight-bold text-gray3 \"> publi\u00e9 le 1 janvier \u00e0 13h02, AFP<\/p>\n<p>                             Partager<\/p>\n","protected":false},"excerpt":{"rendered":"Cent vingt-cinq personnes ont \u00e9t\u00e9 plac\u00e9es en garde \u00e0 vue \u00e0 Paris apr\u00e8s avoir interpell\u00e9es en marge des&hellip;\n","protected":false},"author":2,"featured_media":634421,"comment_status":"","ping_status":"","sticky":false,"template":"","format":"standard","meta":{"footnotes":""},"categories":[1888],"tags":[1111,1928,11,1927,1120,2441,1769,1777,674,1011,27,3784,12,1926,626,1925,1072,25],"class_list":{"0":"post-634420","1":"post","2":"type-post","3":"status-publish","4":"format-standard","5":"has-post-thumbnail","7":"category-paris","8":"tag-actu","9":"tag-actu-paris","10":"tag-actualites","11":"tag-actualites-paris","12":"tag-agression","13":"tag-arrestation","14":"tag-enqute","15":"tag-eu","16":"tag-europe","17":"tag-fr","18":"tag-france","19":"tag-ministre","20":"tag-news","21":"tag-news-paris","22":"tag-paris","23":"tag-paris-news","24":"tag-police","25":"tag-republique-francaise"},"share_on_mastodon":{"url":"https:\/\/pubeurope.com\/@fr\/115820538445465598","error":""},"_links":{"self":[{"href":"https:\/\/www.europesays.com\/fr\/wp-json\/wp\/v2\/posts\/634420","targetHints":{"allow":["GET"]}}],"collection":[{"href":"https:\/\/www.europesays.com\/fr\/wp-json\/wp\/v2\/posts"}],"about":[{"href":"https:\/\/www.europesays.com\/fr\/wp-json\/wp\/v2\/types\/post"}],"author":[{"embeddable":true,"href":"https:\/\/www.europesays.com\/fr\/wp-json\/wp\/v2\/users\/2"}],"replies":[{"embeddable":true,"href":"https:\/\/www.europesays.com\/fr\/wp-json\/wp\/v2\/comments?post=634420"}],"version-history":[{"count":0,"href":"https:\/\/www.europesays.com\/fr\/wp-json\/wp\/v2\/posts\/634420\/revisions"}],"wp:featuredmedia":[{"embeddable":true,"href":"https:\/\/www.europesays.com\/fr\/wp-json\/wp\/v2\/media\/634421"}],"wp:attachment":[{"href":"https:\/\/www.europesays.com\/fr\/wp-json\/wp\/v2\/media?parent=634420"}],"wp:term":[{"taxonomy":"category","embeddable":true,"href":"https:\/\/www.europesays.com\/fr\/wp-json\/wp\/v2\/categories?post=634420"},{"taxonomy":"post_tag","embeddable":true,"href":"https:\/\/www.europesays.com\/fr\/wp-json\/wp\/v2\/tags?post=634420"}],"curies":[{"name":"wp","href":"https:\/\/api.w.org\/{rel}","templated":true}]}}