{"id":634426,"date":"2026-01-01T15:27:11","date_gmt":"2026-01-01T15:27:11","guid":{"rendered":"https:\/\/www.europesays.com\/fr\/634426\/"},"modified":"2026-01-01T15:27:11","modified_gmt":"2026-01-01T15:27:11","slug":"14-000-en-deux-mois-de-la-folie-a-paris-la-meilleure-galette-2025-produite-dans-des-quantites-astronomiques","status":"publish","type":"post","link":"https:\/\/www.europesays.com\/fr\/634426\/","title":{"rendered":"14\u00a0000 en deux mois, \u00ab\u00a0de la folie\u00a0\u00bb\u00a0: \u00e0 Paris, la meilleure galette 2025 produite dans des quantit\u00e9s astronomiques"},"content":{"rendered":"<p class=\"\">Lionel Bonnamy, le patron, 43 ans dont 28 ans de m\u00e9tier, agit en chef d\u2019orchestre aupr\u00e8s de son \u00e9quipe d\u2019une dizaine de salari\u00e9s, dont deux apprentis, mais n\u2019est jamais en reste pour mettre la main \u00e0 la p\u00e2te. \u00ab J-P, on en est o\u00f9 de la cuisson ? \u00bb lance l\u2019artisan \u00e0 l\u2019un de ses employ\u00e9s affair\u00e9 \u00e0 badigeonner les p\u00e2tes feuillet\u00e9es de jaune d\u2019\u0153uf, avant de laisser le patron quadriller les galettes au couteau.<\/p>\n","protected":false},"excerpt":{"rendered":"Lionel Bonnamy, le patron, 43 ans dont 28 ans de m\u00e9tier, agit en chef d\u2019orchestre aupr\u00e8s de son&hellip;\n","protected":false},"author":2,"featured_media":634427,"comment_status":"","ping_status":"","sticky":false,"template":"","format":"standard","meta":{"footnotes":""},"categories":[1888],"tags":[11,3013,1777,674,1011,27,1944,12,626,25],"class_list":{"0":"post-634426","1":"post","2":"type-post","3":"status-publish","4":"format-standard","5":"has-post-thumbnail","7":"category-paris","8":"tag-actualites","9":"tag-bien-manger","10":"tag-eu","11":"tag-europe","12":"tag-fr","13":"tag-france","14":"tag-ma-ville","15":"tag-news","16":"tag-paris","17":"tag-republique-francaise"},"share_on_mastodon":{"url":"https:\/\/pubeurope.com\/@fr\/115820550127702869","error":""},"_links":{"self":[{"href":"https:\/\/www.europesays.com\/fr\/wp-json\/wp\/v2\/posts\/634426","targetHints":{"allow":["GET"]}}],"collection":[{"href":"https:\/\/www.europesays.com\/fr\/wp-json\/wp\/v2\/posts"}],"about":[{"href":"https:\/\/www.europesays.com\/fr\/wp-json\/wp\/v2\/types\/post"}],"author":[{"embeddable":true,"href":"https:\/\/www.europesays.com\/fr\/wp-json\/wp\/v2\/users\/2"}],"replies":[{"embeddable":true,"href":"https:\/\/www.europesays.com\/fr\/wp-json\/wp\/v2\/comments?post=634426"}],"version-history":[{"count":0,"href":"https:\/\/www.europesays.com\/fr\/wp-json\/wp\/v2\/posts\/634426\/revisions"}],"wp:featuredmedia":[{"embeddable":true,"href":"https:\/\/www.europesays.com\/fr\/wp-json\/wp\/v2\/media\/634427"}],"wp:attachment":[{"href":"https:\/\/www.europesays.com\/fr\/wp-json\/wp\/v2\/media?parent=634426"}],"wp:term":[{"taxonomy":"category","embeddable":true,"href":"https:\/\/www.europesays.com\/fr\/wp-json\/wp\/v2\/categories?post=634426"},{"taxonomy":"post_tag","embeddable":true,"href":"https:\/\/www.europesays.com\/fr\/wp-json\/wp\/v2\/tags?post=634426"}],"curies":[{"name":"wp","href":"https:\/\/api.w.org\/{rel}","templated":true}]}}