{"id":634434,"date":"2026-01-01T15:31:11","date_gmt":"2026-01-01T15:31:11","guid":{"rendered":"https:\/\/www.europesays.com\/fr\/634434\/"},"modified":"2026-01-01T15:31:11","modified_gmt":"2026-01-01T15:31:11","slug":"a-londres-le-projet-dune-mega-ambassade-de-chine-fait-polemique","status":"publish","type":"post","link":"https:\/\/www.europesays.com\/fr\/634434\/","title":{"rendered":"A Londres, le projet d\u2019une m\u00e9ga-ambassade de Chine fait pol\u00e9mique"},"content":{"rendered":"<p>                     <img loading=\"lazy\" decoding=\"async\" src=\"https:\/\/www.europesays.com\/fr\/wp-content\/uploads\/2026\/01\/3a21b69_upload-1-rrvhjx2zsw9q-020-2197790276.jpg\" alt=\"Lors d\u2019une manifestation devant le site propos\u00e9 pour la m\u00e9ga-ambassade de Chine, le 8\u00a0f\u00e9vrier 2025\u00a0\u00e0 Londres.\"   width=\"664\" height=\"443\"\/>    Lors d\u2019une manifestation devant le site propos\u00e9 pour la m\u00e9ga-ambassade de Chine, le 8\u00a0f\u00e9vrier 2025\u00a0\u00e0 Londres.  CARL COURT \/ GETTY IMAGES VIA AFP                 <\/p>\n<p class=\"article__paragraph  \">Face aux murailles de la Tour de Londres et \u00e0 proximit\u00e9 de Tower Bridge, dans un des quartiers les plus embl\u00e9matiques de la capitale britannique, se tient l\u2019\u00e9norme ensemble du Royal Mint Court, avec sa fa\u00e7ade \u00e0 colonnes de style Regency et ses b\u00e2timents adjacents de verre et de b\u00e9ton. C\u2019est l\u00e0 que, jusqu\u2019\u00e0 la fin des ann\u00e9es 1960, \u00e9taient battues les monnaies du Royaume-Uni. Des si\u00e8cles plus t\u00f4t se trouvait une abbaye cistercienne, disparue avec la dissolution des ordres monastiques durant la R\u00e9forme anglicane, autour de 1540. Cette adresse prestigieuse et charg\u00e9e d\u2019histoire, situ\u00e9e \u00e0 la lisi\u00e8re de la City, fait depuis des mois l\u2019objet d\u2019une intense controverse.<\/p>\n<p class=\"article__paragraph  \">La Chine a acquis le Royal Mint Court en\u00a02018, avec l\u2019intention d\u2019y reloger son ambassade du quartier chic de Marylebone, devenue bien trop \u00e9troite, et d\u2019en faire sa plus vaste chancellerie occidentale (environ 20\u00a0000\u00a0m\u00e8tres carr\u00e9s au total). Depuis, les oppositions au projet ont pris de l\u2019ampleur, \u00e9pousant les rapports fluctuants entre Londres et P\u00e9kin, faits d\u2019int\u00e9r\u00eats crois\u00e9s et de suspicion grandissante.<\/p>\n<p class=\"article__paragraph  \">Le ministre du logement, Steve Reed,<strong> <\/strong>avait jusqu\u2019au 10\u00a0d\u00e9cembre pour trancher sur cette \u00ab\u00a0m\u00e9ga-ambassade\u00a0\u00bb, mais la d\u00e9cision a \u00e9t\u00e9 repouss\u00e9e, pour la troisi\u00e8me fois d\u2019affil\u00e9e, \u00e0 janvier\u00a02026. A en croire des fuites dans les m\u00e9dias nationaux, le gouvernement du premier ministre travailliste, Keir Starmer, aurait cependant d\u00e9j\u00e0 donn\u00e9 son feu vert. \u00ab\u00a0Cela enverrait un message politique tr\u00e8s probl\u00e9matique\u00a0\u00bb, estime Carmen Lau, 30\u00a0ans, figure du mouvement prod\u00e9mocratie \u00e0 Hongkong, r\u00e9fugi\u00e9e au Royaume-Uni depuis 2021.<\/p>\n<p class=\"reading-mode-only \"><strong>Il vous reste 84.05% de cet article \u00e0 lire. La suite est r\u00e9serv\u00e9e aux abonn\u00e9s.<\/strong><\/p>\n","protected":false},"excerpt":{"rendered":"Lors d\u2019une manifestation devant le site propos\u00e9 pour la m\u00e9ga-ambassade de Chine, le 8\u00a0f\u00e9vrier 2025\u00a0\u00e0 Londres. CARL COURT&hellip;\n","protected":false},"author":2,"featured_media":634435,"comment_status":"","ping_status":"","sticky":false,"template":"","format":"standard","meta":{"footnotes":""},"categories":[1588],"tags":[11,1777,674,12,473,1853,1851,1850,1852],"class_list":{"0":"post-634434","1":"post","2":"type-post","3":"status-publish","4":"format-standard","5":"has-post-thumbnail","7":"category-royaume-uni","8":"tag-actualites","9":"tag-eu","10":"tag-europe","11":"tag-news","12":"tag-royaume-uni","13":"tag-royaume-uni-de-grande-bretagne-et-dirlande-du-nord","14":"tag-uk","15":"tag-united-kingdom","16":"tag-united-kingdom-of-great-britain-and-northern-ireland"},"share_on_mastodon":{"url":"https:\/\/pubeurope.com\/@fr\/115820565982882754","error":""},"_links":{"self":[{"href":"https:\/\/www.europesays.com\/fr\/wp-json\/wp\/v2\/posts\/634434","targetHints":{"allow":["GET"]}}],"collection":[{"href":"https:\/\/www.europesays.com\/fr\/wp-json\/wp\/v2\/posts"}],"about":[{"href":"https:\/\/www.europesays.com\/fr\/wp-json\/wp\/v2\/types\/post"}],"author":[{"embeddable":true,"href":"https:\/\/www.europesays.com\/fr\/wp-json\/wp\/v2\/users\/2"}],"replies":[{"embeddable":true,"href":"https:\/\/www.europesays.com\/fr\/wp-json\/wp\/v2\/comments?post=634434"}],"version-history":[{"count":0,"href":"https:\/\/www.europesays.com\/fr\/wp-json\/wp\/v2\/posts\/634434\/revisions"}],"wp:featuredmedia":[{"embeddable":true,"href":"https:\/\/www.europesays.com\/fr\/wp-json\/wp\/v2\/media\/634435"}],"wp:attachment":[{"href":"https:\/\/www.europesays.com\/fr\/wp-json\/wp\/v2\/media?parent=634434"}],"wp:term":[{"taxonomy":"category","embeddable":true,"href":"https:\/\/www.europesays.com\/fr\/wp-json\/wp\/v2\/categories?post=634434"},{"taxonomy":"post_tag","embeddable":true,"href":"https:\/\/www.europesays.com\/fr\/wp-json\/wp\/v2\/tags?post=634434"}],"curies":[{"name":"wp","href":"https:\/\/api.w.org\/{rel}","templated":true}]}}