{"id":634453,"date":"2026-01-01T15:46:14","date_gmt":"2026-01-01T15:46:14","guid":{"rendered":"https:\/\/www.europesays.com\/fr\/634453\/"},"modified":"2026-01-01T15:46:14","modified_gmt":"2026-01-01T15:46:14","slug":"le-barca-nen-veut-pas-luis-enrique-y-tient","status":"publish","type":"post","link":"https:\/\/www.europesays.com\/fr\/634453\/","title":{"rendered":"Le Bar\u00e7a n\u2019en veut pas, Luis Enrique y tient"},"content":{"rendered":"<p><b>Peu utilis\u00e9 par Luis Enrique, Lucas Beraldo ne devrait pas quitter le Paris Saint-Germain cet hiver. Le d\u00e9fenseur central absent des plans du FC Barcelone est finalement retenu par l\u2019entra\u00eeneur parisien.<\/b><\/p>\n<p>Apr\u00e8s les tensions de ces derni\u00e8res ann\u00e9es, \u00e7a va mieux entre le <a href=\"https:\/\/www.foot01.com\/equipe\/paris\/\" target=\"_blank\" rel=\"noopener\">Paris Saint-Germain<\/a> et le FC Barcelone. Nos confr\u00e8res catalans de Sport mettent l\u2019accent sur les bonnes relations entre les dirigeants des deux clubs. Un apaisement qui aurait pu permettre un accord pour Lucas Beraldo (22 ans). A la recherche d\u2019un d\u00e9fenseur central, le Bar\u00e7a \u00e9tait associ\u00e9 au Br\u00e9silien. Mais la source affirme que les Blaugrana n\u2019ont jamais \u00e9tudi\u00e9 cette piste.<\/p>\n<p>Le Parisien, convoit\u00e9 par Flamengo et Palmeiras dans son pays, semblait plut\u00f4t se diriger vers la Turquie o\u00f9 Galatasaray et Besiktas lui tendaient les bras. Mais un revirement de situation fait basculer son avenir. Alors qu\u2019il ouvrait jusqu\u2019ici la porte \u00e0 son d\u00e9part, Luis Enrique refuse finalement de se s\u00e9parer de son d\u00e9fenseur central. L\u2019Espagnol serait r\u00e9ticent \u00e0 l\u2019id\u00e9e de perdre une solution dans son effectif r\u00e9guli\u00e8rement affaibli par des blessures depuis le d\u00e9but de la saison. L\u2019ancien joueur de Santos restera au moins jusqu\u2019\u00e0 la fin de l\u2019exercice. Et ce malgr\u00e9 son faible temps de jeu pendant cet exercice 2025-2026.<\/p>\n<p>Beraldo cantonn\u00e9 au banc<\/p>\n<p>Jamais align\u00e9 en Ligue des Champions, Lucas Beraldo n\u2019a disput\u00e9 que 10 matchs toutes comp\u00e9titions confondues. Luis Enrique l\u2019a notamment titularis\u00e9 contre les amateurs de Fontenay (4-0) en Coupe de France, rencontre durant laquelle l\u2019habituel rempla\u00e7ant a encore montr\u00e9 ses faiblesses. Depuis son arriv\u00e9e en janvier 2024, dans le cadre d\u2019un transfert \u00e0 20 millions d\u2019euros, la qualit\u00e9 de son pied gauche ne suffit pas pour masquer son manque d\u2019autorit\u00e9 dans les duels. Luis Enrique a beau le retenir cet hiver, il serait \u00e9tonnant que son temps de jeu augmente en deuxi\u00e8me partie de saison.<\/p>\n<p><img decoding=\"async\" src=\"https:\/\/www.europesays.com\/fr\/wp-content\/uploads\/2025\/12\/37562940.png\" alt=\"L. Lopes Beraldo\" class=\"w-16 h-16 object-cover rounded-full\"\/><\/p>\n<p>L. Lopes Beraldo<\/p>\n<p><img decoding=\"async\" src=\"https:\/\/www.europesays.com\/fr\/wp-content\/uploads\/2025\/09\/br.png\" alt=\"Brazil\" class=\"w-6 h-4 object-cover\"\/>Br\u00e9sil \u2022 \u00c2ge 22 \u2022 D\u00e9fenseur<\/p>\n","protected":false},"excerpt":{"rendered":"Peu utilis\u00e9 par Luis Enrique, Lucas Beraldo ne devrait pas quitter le Paris Saint-Germain cet hiver. Le d\u00e9fenseur&hellip;\n","protected":false},"author":2,"featured_media":634454,"comment_status":"","ping_status":"","sticky":false,"template":"","format":"standard","meta":{"footnotes":""},"categories":[1410],"tags":[63,1011,27,453,1434,93,60],"class_list":{"0":"post-634453","1":"post","2":"type-post","3":"status-publish","4":"format-standard","5":"has-post-thumbnail","7":"category-football","8":"tag-football","9":"tag-fr","10":"tag-france","11":"tag-liga","12":"tag-mercato","13":"tag-psg","14":"tag-sports"},"share_on_mastodon":{"url":"https:\/\/pubeurope.com\/@fr\/115820625163011902","error":""},"_links":{"self":[{"href":"https:\/\/www.europesays.com\/fr\/wp-json\/wp\/v2\/posts\/634453","targetHints":{"allow":["GET"]}}],"collection":[{"href":"https:\/\/www.europesays.com\/fr\/wp-json\/wp\/v2\/posts"}],"about":[{"href":"https:\/\/www.europesays.com\/fr\/wp-json\/wp\/v2\/types\/post"}],"author":[{"embeddable":true,"href":"https:\/\/www.europesays.com\/fr\/wp-json\/wp\/v2\/users\/2"}],"replies":[{"embeddable":true,"href":"https:\/\/www.europesays.com\/fr\/wp-json\/wp\/v2\/comments?post=634453"}],"version-history":[{"count":0,"href":"https:\/\/www.europesays.com\/fr\/wp-json\/wp\/v2\/posts\/634453\/revisions"}],"wp:featuredmedia":[{"embeddable":true,"href":"https:\/\/www.europesays.com\/fr\/wp-json\/wp\/v2\/media\/634454"}],"wp:attachment":[{"href":"https:\/\/www.europesays.com\/fr\/wp-json\/wp\/v2\/media?parent=634453"}],"wp:term":[{"taxonomy":"category","embeddable":true,"href":"https:\/\/www.europesays.com\/fr\/wp-json\/wp\/v2\/categories?post=634453"},{"taxonomy":"post_tag","embeddable":true,"href":"https:\/\/www.europesays.com\/fr\/wp-json\/wp\/v2\/tags?post=634453"}],"curies":[{"name":"wp","href":"https:\/\/api.w.org\/{rel}","templated":true}]}}