{"id":634455,"date":"2026-01-01T15:47:14","date_gmt":"2026-01-01T15:47:14","guid":{"rendered":"https:\/\/www.europesays.com\/fr\/634455\/"},"modified":"2026-01-01T15:47:14","modified_gmt":"2026-01-01T15:47:14","slug":"alain-fabien-delon-premier-enfant-changement-de-nom-2025-une-annee-a-jamais-a-part-pour-le-plus-jeune-des-enfants-delon","status":"publish","type":"post","link":"https:\/\/www.europesays.com\/fr\/634455\/","title":{"rendered":"Alain-Fabien Delon : premier enfant, changement de nom&#8230; 2025, une ann\u00e9e \u00e0 jamais \u00e0 part pour le plus jeune des enfants Delon"},"content":{"rendered":"<p>                <img loading=\"lazy\" decoding=\"async\" src=\"https:\/\/www.europesays.com\/fr\/wp-content\/uploads\/2025\/09\/15559a7e4ed390c9-35x35-1.jpg\" class=\"author-article-picture\" width=\"35\" height=\"35\"\/><\/p>\n<p>                    Par<\/p>\n<p>                                            <a class=\"author-article-bio-link\" href=\"https:\/\/www.purepeople.com\/auteur\/tiffany-iacomacci_a161\" target=\"_blank\" rel=\"noopener\">Tiffany Iacomacci<\/a><\/p>\n<p>                    |<\/p>\n<p>                                            R\u00e9dactrice<\/p>\n<p>\n                Ils se sont s\u00e9par\u00e9s \u00e0 la suite d\u2019une tromperie ? Passionn\u00e9e par la vie des people, raconter leurs histoires a \u00e9t\u00e9 une \u00e9vidence. Conna\u00eetre la derni\u00e8re actualit\u00e9 de la famille royale ? Cela fait \u00e9galement partie des plaisirs de Tiffany. Curieuse de nature, elle ne se tient jamais loin des r\u00e9seaux sociaux afin d\u2019\u00eatre s\u00fbre de ne rien manquer concernant ses c\u00e9l\u00e9brit\u00e9s pr\u00e9f\u00e9r\u00e9es.\n            <\/p>\n<p>\n    L\u2019ann\u00e9e 2025 a \u00e9t\u00e9 particuli\u00e8rement charg\u00e9e pour Alain-Fabien Delon et elle restera \u00e0 jamais grav\u00e9e dans sa m\u00e9moire. Le plus jeune des enfants de l\u2019ic\u00f4ne du cin\u00e9ma fran\u00e7ais a v\u00e9cu la naissance de son premier enfant, son changement de nom symbolique mais aussi un nouveau volet judiciaire. Retour sur une ann\u00e9e tr\u00e8s intense.\n<\/p>\n<p>                            <img loading=\"lazy\" decoding=\"async\" class=\"player-thumbnail\" src=\"https:\/\/www.europesays.com\/fr\/wp-content\/uploads\/2026\/01\/a6de374319be9625-580x326-2.jpg\" width=\"580\" height=\"326\"\/><\/p>\n<p>                            Alain-Fabien Delon : premier enfant, changement de nom&#8230; 2025, une ann\u00e9e \u00e0 jamais \u00e0 part pour le plus jeune des enfants Delon<\/p>\n<p>La suite apr\u00e8s la publicit\u00e9<\/p>\n<p>L\u2019ann\u00e9e 2025 a \u00e9t\u00e9 particuli\u00e8rement intense pour <a href=\"https:\/\/www.purepeople.com\/people\/alain-fabien-delon_p2701\" target=\"_blank\" rel=\"noopener\">Alain-Fabien Delon<\/a>. Tout a d\u00e9but\u00e9 le 29 avril 2025 lorsque le plus jeune des enfants d\u2019<a href=\"https:\/\/www.purepeople.com\/people\/alain-delon_p38\" target=\"_blank\" rel=\"noopener\">Alain Delon<\/a> est devenu papa pour la premi\u00e8re fois. <strong>Sa compagne, Laura Bensadoun, avec laquelle il partage sa vie depuis plusieurs ann\u00e9es, a donn\u00e9 naissance \u00e0 une petite fille pr\u00e9nomm\u00e9e Romy Delon. <\/strong>Un pr\u00e9nom choisi afin de rendre hommage \u00e0 <a href=\"https:\/\/www.purepeople.com\/people\/romy-schneider_p93\" target=\"_blank\" rel=\"noopener\">Romy Schneider<\/a>, une compagne embl\u00e9matique de l\u2019acteur. Depuis, Alain-Fabien Delon partage r\u00e9guli\u00e8rement <a href=\"https:\/\/www.purepeople.com\/article\/alain-fabien-delon-si-heureux-avec-sa-compagne-laura-mere-de-sa-fille-romy-il-celebre-ses-30-ans-avec-un-message-et-plusieurs-photos_a543777\/1\" target=\"_blank\" rel=\"noopener\">des moments de sa vie de papa<\/a>, montrant un quotidien dans lequel il appara\u00eet tr\u00e8s \u00e9panoui. Une naissance qui a apport\u00e9 du bonheur dans sa vie.<\/p>\n<p>Parmi les autres changements importants de l\u2019ann\u00e9e 2025, il y a le changement de nom d\u2019Alain-Fabien Delon. <strong>En effet, il a exprim\u00e9 son souhait de ne plus utiliser \u201cAlain-Fabien\u201d mais de se pr\u00e9senter comme Alain Delon Jr. <\/strong>Un changement qui est un geste tr\u00e8s marquant puisqu\u2019il s\u2019est d\u00e9roul\u00e9 dans un contexte de guerre familiale. En pleine bataille juridique sur le droit moral autour de l\u2019image de son p\u00e8re, Alain-Fabien Delon a fait le choix de s\u2019imposer. Son nouveau nom est un moyen d\u2019exister pleinement dans ce conflit mais aussi de rappeler que, comme <a href=\"https:\/\/www.purepeople.com\/people\/anthony-delon_p1565\" target=\"_blank\" rel=\"noopener\">Anthony<\/a> et <a href=\"https:\/\/www.purepeople.com\/people\/anouchka-delon_p2404\" target=\"_blank\" rel=\"noopener\">Anouchka Delon,<\/a> il est l\u2019h\u00e9ritier direct de la l\u00e9gende du cin\u00e9ma.<\/p>\n<p>Ce <a href=\"https:\/\/www.purepeople.com\/article\/alain-fabien-delon-change-didentite-il-officialise-et-passe-a-laction_a542189\/1\" target=\"_blank\" rel=\"noopener\">changement de nom n\u2019est pas une surprise<\/a> puisque, en 2018, Alain-Fabien Delon l\u2019avait d\u00e9j\u00e0 \u00e9voqu\u00e9 dans les pages de Paris Match. <strong>\u00ab\u00a0Ce qui me d\u00e9range le plus, c\u2019est quand je demande aux gens de m\u2019appeler Alain. \u00c0 l\u2019\u00e9cole, tout le monde m\u2019appelait comme \u00e7a. Malheureusement, il y a toujours des connards pour dire : &lsquo;Non, il n\u2019y a qu\u2019un seul Alain Delon'\u00a0\u00bb<\/strong>, avait-il fait savoir. Ayant le m\u00eame pr\u00e9nom que son papa, le jeune Alain-Fabien avait bien conscience que cela pourrait poser probl\u00e8me. \u201cSi je r\u00e9ussis, il y aura un autre \u201cA.D\u201d en haut de l\u2019affiche. Cela me fait kiffer de p\u00e9renniser cette lign\u00e9e\u00a0\u00bb, avait-il poursuivi.<\/p>\n<p>Une ann\u00e9e particuli\u00e8rement compliqu\u00e9e pour Alain-Fabien Delon<\/p>\n<p>Plus d\u2019un an apr\u00e8s le d\u00e9c\u00e8s d\u2019Alain Delon, survenue le 18 ao\u00fbt 2024, les tensions autour du testament de l\u2019acteur n\u2019ont pas cess\u00e9. En 2022, la l\u00e9gende du cin\u00e9ma fran\u00e7ais a r\u00e9dig\u00e9 un testament sign\u00e9 en Suisse dans <strong>lequel il \u00e9tait indiqu\u00e9 qu\u2019Anouchka Delon avait le droit moral exclusif sur l&rsquo;\u0153uvre et l&rsquo;image de son p\u00e8re mais aussi des parts majoritaires dans la soci\u00e9t\u00e9 qui g\u00e8re ses droits. <\/strong>Un second testament qui \u00e9tait totalement diff\u00e9rent de celui r\u00e9dig\u00e9 initialement, dans lequel il \u00e9tait stipul\u00e9 qu\u2019il r\u00e9partissait son patrimoine entre ses trois enfants : 50\u202f% pour sa fille Anouchka, 25\u202f% pour chacun de ses fils, Alain-Fabien et Anthony.<\/p>\n<p>Le 29 ao\u00fbt dernier, Alain-Fabien Delon a notifi\u00e9, par le biais d\u2019un huissier, <a href=\"https:\/\/www.purepeople.com\/article\/derriere-la-demarche-dalain-fabien-delon-pour-la-succession-se-cache-un-joli-pactole-de-plusieurs-millions-deuros_a542418\/1\" target=\"_blank\" rel=\"noopener\">qu\u2019il engageait des poursuites <\/a>afin de faire annuler le second testament sign\u00e9 en 2022. Selon ses propos,<strong> Alain Delon n\u2019avait plus les capacit\u00e9s de discernement n\u00e9cessaires lorsqu&rsquo;il l\u2019a sign\u00e9 puisque ce dernier avait souffert d\u2019un AVC et d\u2019une forte d\u00e9gradation de sa sant\u00e9.<\/strong> Une audience pr\u00e9liminaire devant le tribunal judiciaire de Paris est fix\u00e9e au 9 mars 2026 pour examiner la demande d\u2019annulation du testament. Des tensions qui ne sont pas pr\u00eates de s\u2019apaiser.<\/p>\n<p>Alain-Fabien Delon : ses bouleversantes confidences sur l&rsquo;\u00e9tat de son p\u00e8re<\/p>\n<p>Invit\u00e9 sur RTL le jeudi 11 d\u00e9cembre, Alain-Fabien Delon a \u00e9voqu\u00e9 les derni\u00e8res ann\u00e9es de la vie d\u2019Alain Delon. Il d\u00e9crit notamment une d\u00e9gradation cognitive tr\u00e8s alarmante. \u00ab\u00a0<strong>De 2019 \u00e0 2023, des tests cognitifs qu&rsquo;il a rat\u00e9s, qu&rsquo;il n&rsquo;a jamais r\u00e9ussis, avec des scores en dessous du seuil limite qui \u00e9tait consid\u00e9r\u00e9 comme de la d\u00e9mence\u201d, <\/strong>mentionne-t-il avant de donner des exemples concrets : \u201cIl pouvait se r\u00e9veiller et il pensait qu&rsquo;il \u00e9tait encore \u00e0 l&rsquo;\u00e9poque de ses 70 ans\u2026\u00a0\u00bb Des \u00e9l\u00e9ments qui s&rsquo;ajoutent \u00e0 <a href=\"https:\/\/www.purepeople.com\/article\/alain-fabien-delon-pret-a-tout-pour-priver-sa-soeur-anouchka-dheritage-jai-pas-envie-quelle-touche-quoi-que-ce-soit_a545479\/1\" target=\"_blank\" rel=\"noopener\">une bataille judiciaire tr\u00e8s m\u00e9diatis\u00e9e<\/a>. Et concernant sa s\u0153ur Anouchka Delon, il n\u2019h\u00e9site pas \u00e0 l\u2019accuser ouvertement d\u2019avoir profit\u00e9 de la vuln\u00e9rabilit\u00e9 de leur p\u00e8re. <strong>\u00ab\u00a0Je pousse pour l\u2019indignit\u00e9 successorale de ma s\u0153ur. J\u2019ai pas envie qu\u2019elle touche quoi que ce soit. Pas m\u00eame un centime\u201d,<\/strong> a-t-il affirm\u00e9, pr\u00e9cisant qu\u2019elle n\u2019\u00e9tait \u201cpas physiquement pr\u00e9sente mais elle g\u00e9rait ses affaires et s\u2019est positionn\u00e9e comme vice-pr\u00e9sidente, puis a profit\u00e9 de cette position pour, je pense, s\u2019enrichir\u201d. Une succession qui s\u2019annonce tr\u00e8s longue.<\/p>\n<p>        <img decoding=\"async\" class=\"thumb-img-100 thumb-img\" src=\"https:\/\/www.europesays.com\/fr\/wp-content\/uploads\/2026\/01\/ff4a04b30c22ea84-320x180-2.jpg\" alt=\"Alain-Fabien Delon pr\u00eat \u00e0 tout pour priver sa s\u0153ur Anouchka d'h\u00e9ritage : &quot;J\u2019ai pas envie qu\u2019elle touche quoi que ce soit&quot;\" width=\"320\" height=\"180\" loading=\"lazy\" role=\"presentation\"\/><\/p>\n<p>                                            Alain-Fabien Delon pr\u00eat \u00e0 tout pour priver sa s\u0153ur Anouchka d&rsquo;h\u00e9ritage : \u00ab\u00a0J\u2019ai pas envie qu\u2019elle touche quoi que ce soit\u00a0\u00bb<\/p>\n<p>        <img decoding=\"async\" class=\"thumb-img-100 thumb-img\" src=\"https:\/\/www.europesays.com\/fr\/wp-content\/uploads\/2026\/01\/939cd10c07ff8129-320x180-2.jpg\" alt=\"Alain-Fabien Delon si heureux avec sa compagne Laura, m\u00e8re de sa fille Romy : il c\u00e9l\u00e8bre ses 30 ans avec un message et plusieurs photos\" width=\"320\" height=\"180\" loading=\"lazy\" role=\"presentation\"\/><\/p>\n<p>                                            Alain-Fabien Delon si heureux avec sa compagne Laura, m\u00e8re de sa fille Romy : il c\u00e9l\u00e8bre ses 30 ans avec un message et plusieurs photos<\/p>\n<p>        <img decoding=\"async\" class=\"thumb-img-100 thumb-img\" src=\"https:\/\/www.europesays.com\/fr\/wp-content\/uploads\/2026\/01\/5dc058f9634f9344-320x180-1.jpg\" alt=\"Alain-Fabien Delon papa de Romy : cette photo hautement symbolique de son nouveau quotidien\" width=\"320\" height=\"180\" loading=\"lazy\" role=\"presentation\"\/><\/p>\n<p>                                            Alain-Fabien Delon papa de Romy : cette photo hautement symbolique de son nouveau quotidien<\/p>\n","protected":false},"excerpt":{"rendered":"Par Tiffany Iacomacci | R\u00e9dactrice Ils se sont s\u00e9par\u00e9s \u00e0 la suite d\u2019une tromperie ? Passionn\u00e9e par la&hellip;\n","protected":false},"author":2,"featured_media":634456,"comment_status":"","ping_status":"","sticky":false,"template":"","format":"standard","meta":{"footnotes":""},"categories":[1359],"tags":[58,59,1011,27,973],"class_list":{"0":"post-634455","1":"post","2":"type-post","3":"status-publish","4":"format-standard","5":"has-post-thumbnail","7":"category-people","8":"tag-divertissement","9":"tag-entertainment","10":"tag-fr","11":"tag-france","12":"tag-people"},"share_on_mastodon":{"url":"https:\/\/pubeurope.com\/@fr\/115820629430363652","error":""},"_links":{"self":[{"href":"https:\/\/www.europesays.com\/fr\/wp-json\/wp\/v2\/posts\/634455","targetHints":{"allow":["GET"]}}],"collection":[{"href":"https:\/\/www.europesays.com\/fr\/wp-json\/wp\/v2\/posts"}],"about":[{"href":"https:\/\/www.europesays.com\/fr\/wp-json\/wp\/v2\/types\/post"}],"author":[{"embeddable":true,"href":"https:\/\/www.europesays.com\/fr\/wp-json\/wp\/v2\/users\/2"}],"replies":[{"embeddable":true,"href":"https:\/\/www.europesays.com\/fr\/wp-json\/wp\/v2\/comments?post=634455"}],"version-history":[{"count":0,"href":"https:\/\/www.europesays.com\/fr\/wp-json\/wp\/v2\/posts\/634455\/revisions"}],"wp:featuredmedia":[{"embeddable":true,"href":"https:\/\/www.europesays.com\/fr\/wp-json\/wp\/v2\/media\/634456"}],"wp:attachment":[{"href":"https:\/\/www.europesays.com\/fr\/wp-json\/wp\/v2\/media?parent=634455"}],"wp:term":[{"taxonomy":"category","embeddable":true,"href":"https:\/\/www.europesays.com\/fr\/wp-json\/wp\/v2\/categories?post=634455"},{"taxonomy":"post_tag","embeddable":true,"href":"https:\/\/www.europesays.com\/fr\/wp-json\/wp\/v2\/tags?post=634455"}],"curies":[{"name":"wp","href":"https:\/\/api.w.org\/{rel}","templated":true}]}}