{"id":634457,"date":"2026-01-01T15:48:21","date_gmt":"2026-01-01T15:48:21","guid":{"rendered":"https:\/\/www.europesays.com\/fr\/634457\/"},"modified":"2026-01-01T15:48:21","modified_gmt":"2026-01-01T15:48:21","slug":"dernier-regard-photographique-sur-lactualite-nimoise-de-2025","status":"publish","type":"post","link":"https:\/\/www.europesays.com\/fr\/634457\/","title":{"rendered":"Dernier regard photographique sur l\u2019actualit\u00e9 n\u00eemoise de 2025"},"content":{"rendered":"<p>\n                                                                Photographe \u00e0 l\u2019agence de Midi Libre \u00e0 N\u00eemes, Mika\u00ebl Anisset a s\u00e9lectionn\u00e9 sept images marquantes de l\u2019ann\u00e9e 2025. Sports, culture, justice, r\u00e9novation urbaine\u2026 Au-del\u00e0 du sujet propre, ces images traduisent l\u2019intensit\u00e9 et l\u2019\u00e9motion suscit\u00e9es par ces moments d\u2019actualit\u00e9.\n                            <\/p>\n<p>En cette nouvelle ann\u00e9e 2026, la r\u00e9daction de Midi Libre N\u00eemes vous adresse ses meilleurs v\u0153ux. Elle vous offre aussi un dernier regard sur l\u2019actualit\u00e9 n\u00eemoise de 2025 gr\u00e2ce au choix du talentueux photographe de notre agence Mika\u00ebl Anisset. L\u2019occasion de rappeler l\u2019impact d\u2019une image saisie par un journaliste professionnel. Voici sa s\u00e9lection.<\/p>\n<p>Abrivado des plages\u00a0: la tradition \u00e0 l\u2019\u00e9preuve du temps<\/p>\n<p>Cela a \u00e9t\u00e9 une dure ann\u00e9e pour les traditions taurines, mises \u00e0 mal par les d\u00e9fauts d\u2019assurance et les accidents. Mais les grands \u00e9v\u00e9nements demeurent, comme l\u2019abrivado des plages, au Grau-du-Roi, avec La Grande-Motte en toile de fond. L\u2019occasion de rappeler l\u2019importance de pr\u00e9server les traditions taurines dans notre d\u00e9partement et le sud plus g\u00e9n\u00e9ralement.<\/p>\n<p>Gis\u00e8le Pelicot, femme courage<\/p>\n<p>        <img decoding=\"async\" class=\"std-img__img responsive-img\" src=\"https:\/\/www.europesays.com\/fr\/wp-content\/uploads\/2026\/01\/1767282496_778_image.jpg\" alt=\"Gis\u00e8le Pelicot, en femme courage lors du proc\u00e8s en appel des viols de Mazan \u00e0 N\u00eemes.\"\/><\/p>\n<p>                Gis\u00e8le Pelicot, en femme courage lors du proc\u00e8s en appel des viols de Mazan \u00e0 N\u00eemes.<br \/>\n                                    Midi Libre &#8211; MiKAEL ANISSET<\/p>\n<p>Le proc\u00e8s en appel des viols de Mazan a \u00e9t\u00e9 jug\u00e9 \u00e0 la Cour d\u2019assises de N\u00eemes, d\u00e9but octobre. Gis\u00e8le Pelicot a assist\u00e9 aux d\u00e9bats, suscitant de nombreuses manifestations de soutien aux abords du tribunal. Ici, elle est entour\u00e9e par les forces de l\u2019ordre et accompagn\u00e9e de son fils. Forte et la t\u00eate haute.<\/p>\n<p>Les tours Matisse foudroy\u00e9es<\/p>\n<p>        <img decoding=\"async\" class=\"std-img__img responsive-img\" src=\"https:\/\/www.europesays.com\/fr\/wp-content\/uploads\/2026\/01\/1767282497_570_image.jpg\" alt=\"Les tours Matisse ont disparu du paysage \u00e0 Pissevin en un instant.\"\/><\/p>\n<p>                Les tours Matisse ont disparu du paysage \u00e0 Pissevin en un instant.<br \/>\n                                    Midi Libre &#8211; MiKAEL ANISSET<\/p>\n<p>Ce jour-l\u00e0, il aura fallu un instant pour voir dispara\u00eetre \u00e0 Pissevin les tours Matisse, celles qui \u00e9taient occup\u00e9es par les \u00e9tudiants puisque c\u2019\u00e9taient des logements du Crous. Dans le cadre de la r\u00e9novation urbaine, elles ont \u00e9t\u00e9 d\u00e9truites par \u00ab\u00a0foudroyage\u00a0\u00bb. Il reste les souvenirs et cette image.<\/p>\n<p>Raymond Depardon fait le pont<\/p>\n<p>        <img decoding=\"async\" class=\"std-img__img responsive-img\" src=\"https:\/\/www.europesays.com\/fr\/wp-content\/uploads\/2026\/01\/1767282498_784_image.png\" alt=\"Le photographe Raymond Depardon a \u00e9t\u00e9 choisi pour c\u00e9l\u00e9brer les 40 ans de l\u2019inscription du Pont du Gard \u00e0 l\u2019Unesco.\"\/><\/p>\n<p>                Le photographe Raymond Depardon a \u00e9t\u00e9 choisi pour c\u00e9l\u00e9brer les 40 ans de l\u2019inscription du Pont du Gard \u00e0 l\u2019Unesco.<br \/>\n                                    Midi Libre &#8211; MiKAEL ANISSET<\/p>\n<p>Pour les 49 ans de l\u2019inscription du Pont du Gard \u00e0 l\u2019Unesco, il fallait une exposition \u00e0 hauteur du monument. C\u2019est l\u2019immense photographe Raymond Depardon qui s\u2019y est coll\u00e9, avec des grands formats photographi\u00e9s \u00e0 la chambre argentique.<\/p>\n<p>Jeremstar d\u00e9nonce la corrida<\/p>\n<p>        <img decoding=\"async\" class=\"std-img__img responsive-img\" src=\"https:\/\/www.europesays.com\/fr\/wp-content\/uploads\/2026\/01\/1767282499_494_image.jpg\" alt=\"Jeremstar voulait d\u00e9noncer la corrida lorsqu\u2019il est entr\u00e9 sur la piste des ar\u00e8nes \u00e0 la feria des Vendanges. Pas longtemps\u2026\"\/><\/p>\n<p>                Jeremstar voulait d\u00e9noncer la corrida lorsqu\u2019il est entr\u00e9 sur la piste des ar\u00e8nes \u00e0 la feria des Vendanges. Pas longtemps\u2026<br \/>\n                                    Midi Libre &#8211; MiKAEL ANISSET<\/p>\n<p>Surprise lors de la corrida d\u2019ouverture de la feria des Vendanges. L\u2019influenceur Jeremstar saute sur la piste des ar\u00e8nes avec un panneau \u00ab\u00a0Fuck la corrida\u00a0\u00bb. Il est vite expuls\u00e9, sans m\u00e9nagement.<\/p>\n<p>Et Santa d\u00e9colla\u2026<\/p>\n<p>        <img decoding=\"async\" class=\"std-img__img responsive-img\" src=\"https:\/\/www.europesays.com\/fr\/wp-content\/uploads\/2026\/01\/1767282500_349_image.jpg\" alt=\"Le Festival de N\u00eemes cru 2025 a \u00e9t\u00e9 marqu\u00e9 par la prestation de Santa en l\u00e9vitation avec son piano sur le titre &quot;Pop-corn sal\u00e9&quot;.\"\/><\/p>\n<p>                Le Festival de N\u00eemes cru 2025 a \u00e9t\u00e9 marqu\u00e9 par la prestation de Santa en l\u00e9vitation avec son piano sur le titre \u00ab\u00a0Pop-corn sal\u00e9\u00a0\u00bb.<br \/>\n                                    Midi Libre &#8211; MiKAEL ANISSET<\/p>\n<p>Parmi les gros concerts du Festival de N\u00eemes, le show de Santa a \u00e9t\u00e9 des plus d\u00e9coiffants. Artistiquement, d\u2019abord, mais surtout sc\u00e9niquement, avec cet envol de piano sur la chanson \u00ab\u00a0Pop-corn sal\u00e9\u00a0\u00bb.<\/p>\n<p>L\u2019adieu aux larmes de Rebichon<\/p>\n<p>        <img decoding=\"async\" class=\"std-img__img responsive-img\" src=\"https:\/\/www.europesays.com\/fr\/wp-content\/uploads\/2026\/01\/1767282501_826_image.jpg\" alt=\"L\u2019adieu au capitaine de l\u2019Usam Julien Rebichon.\"\/><\/p>\n<p>                L\u2019adieu au capitaine de l\u2019Usam Julien Rebichon.<br \/>\n                                    Midi Libre &#8211; MiKAEL ANISSET<\/p>\n<p>Apr\u00e8s un dernier succ\u00e8s, et pas des moindres au Parnasse face \u00e0 Montpellier, le capitaine de l\u2019Usam Julien Rebichon tire sa r\u00e9v\u00e9rence. Cela valait bien une haie d\u2019honneur.<\/p>\n","protected":false},"excerpt":{"rendered":"Photographe \u00e0 l\u2019agence de Midi Libre \u00e0 N\u00eemes, Mika\u00ebl Anisset a s\u00e9lectionn\u00e9 sept images marquantes de l\u2019ann\u00e9e 2025.&hellip;\n","protected":false},"author":2,"featured_media":634458,"comment_status":"","ping_status":"","sticky":false,"template":"","format":"standard","meta":{"footnotes":""},"categories":[1358],"tags":[1111,1348,1384,1385,1386,58,59,1011,27,2679,2682,1857],"class_list":{"0":"post-634457","1":"post","2":"type-post","3":"status-publish","4":"format-standard","5":"has-post-thumbnail","7":"category-arts-et-design","8":"tag-actu","9":"tag-arts","10":"tag-arts-and-design","11":"tag-arts-et-design","12":"tag-design","13":"tag-divertissement","14":"tag-entertainment","15":"tag-fr","16":"tag-france","17":"tag-gard","18":"tag-nimes","19":"tag-sociu00e9tu00e9"},"share_on_mastodon":{"url":"https:\/\/pubeurope.com\/@fr\/115820633085467989","error":""},"_links":{"self":[{"href":"https:\/\/www.europesays.com\/fr\/wp-json\/wp\/v2\/posts\/634457","targetHints":{"allow":["GET"]}}],"collection":[{"href":"https:\/\/www.europesays.com\/fr\/wp-json\/wp\/v2\/posts"}],"about":[{"href":"https:\/\/www.europesays.com\/fr\/wp-json\/wp\/v2\/types\/post"}],"author":[{"embeddable":true,"href":"https:\/\/www.europesays.com\/fr\/wp-json\/wp\/v2\/users\/2"}],"replies":[{"embeddable":true,"href":"https:\/\/www.europesays.com\/fr\/wp-json\/wp\/v2\/comments?post=634457"}],"version-history":[{"count":0,"href":"https:\/\/www.europesays.com\/fr\/wp-json\/wp\/v2\/posts\/634457\/revisions"}],"wp:featuredmedia":[{"embeddable":true,"href":"https:\/\/www.europesays.com\/fr\/wp-json\/wp\/v2\/media\/634458"}],"wp:attachment":[{"href":"https:\/\/www.europesays.com\/fr\/wp-json\/wp\/v2\/media?parent=634457"}],"wp:term":[{"taxonomy":"category","embeddable":true,"href":"https:\/\/www.europesays.com\/fr\/wp-json\/wp\/v2\/categories?post=634457"},{"taxonomy":"post_tag","embeddable":true,"href":"https:\/\/www.europesays.com\/fr\/wp-json\/wp\/v2\/tags?post=634457"}],"curies":[{"name":"wp","href":"https:\/\/api.w.org\/{rel}","templated":true}]}}