{"id":634459,"date":"2026-01-01T15:50:11","date_gmt":"2026-01-01T15:50:11","guid":{"rendered":"https:\/\/www.europesays.com\/fr\/634459\/"},"modified":"2026-01-01T15:50:11","modified_gmt":"2026-01-01T15:50:11","slug":"mauvaise-surprise-de-fin-dannee-pour-anouk-a-la-star-academy-la-candidate-belge-figure-parmi-les-trois-nommes-video","status":"publish","type":"post","link":"https:\/\/www.europesays.com\/fr\/634459\/","title":{"rendered":"Mauvaise surprise de fin d&rsquo;ann\u00e9e pour Anouk \u00e0 la Star Academy: la candidate belge figure parmi les trois nomm\u00e9s (vid\u00e9o)"},"content":{"rendered":"<p class=\"ap-StoryElement ap-StoryElement--mb ap-StoryText\">Apr\u00e8s <a href=\"https:\/\/www.lavenir.net\/culture\/musique\/2025\/12\/28\/star-academy-duel-serre-entre-la-belge-anouk-et-ambre-pour-limmunite-voici-qui-a-ete-elimine-ce-samedi-lors-du-dernier-prime-de-2025-MPXC7XS7UVDRXPMHKPJBG7X33E\/\" target=\"_blank\" rel=\"noreferrer noopener\">l&rsquo;\u00e9limination de M\u00e9lissa samedi dernier<\/a>, ils ne sont plus que 7 \u00e0 pr\u00e9tendre \u00e0 la victoire finale de cette 13e \u00e9dition de <a href=\"https:\/\/www.lavenir.net\/dossier\/culture\/tele\/2024\/09\/25\/tous-nos-articles-sur-la-star-academy-PPC7AI535JB45LXM356MPMBK7U\/\" target=\"_blank\" rel=\"noreferrer noopener\">la Star Academy<\/a>. Forc\u00e9ment, l&rsquo;\u00e9tau se resserre. Et dans la quotidienne de ce mercredi 31 d\u00e9cembre sur TF1, on a pu d\u00e9couvrir qu&rsquo;Anouk figure parmi les trois nomm\u00e9s de la semaine avec Th\u00e9o P. et Victor.<\/p>\n<p class=\"ap-StoryElement ap-StoryElement--mb ap-StoryText\">\u00ab\u00a0Personne n&rsquo;a d\u00e9m\u00e9rit\u00e9\u00a0\u00bb, a expliqu\u00e9 le directeur Michael Goldman, pr\u00e9cisant que toutes les moyennes \u00e9taient au-dessus de 14\/20. Et si Anouk a fait une \u00ab\u00a0super presta\u00a0\u00bb en th\u00e9\u00e2tre, la Wanzoise qui <a href=\"https:\/\/www.lavenir.net\/culture\/tele\/2025\/10\/19\/une-belge-a-la-star-academy-2025-avec-la-jeune-wanzoise-anouk-ex-finaliste-de-the-voice-kids-voici-ce-quil-faut-retenir-du-premier-prime-sur-tf1-W7AUT4OHOBHP7BZPBRI5QA7APM\/\" target=\"_blank\" rel=\"noreferrer noopener\">s&rsquo;\u00e9tait r\u00e9v\u00e9l\u00e9e en 2020 \u00e0 The Voice Kids<\/a> \u00e9tait \u00ab\u00a0pour le reste un peu en-dessous des autres\u00a0\u00bb.<\/p>\n","protected":false},"excerpt":{"rendered":"Apr\u00e8s l&rsquo;\u00e9limination de M\u00e9lissa samedi dernier, ils ne sont plus que 7 \u00e0 pr\u00e9tendre \u00e0 la victoire finale&hellip;\n","protected":false},"author":2,"featured_media":634460,"comment_status":"","ping_status":"","sticky":false,"template":"","format":"standard","meta":{"footnotes":""},"categories":[1356],"tags":[57709,70575,58,59,1011,27,70578,70577,5095,252,1364,70576],"class_list":{"0":"post-634459","1":"post","2":"type-post","3":"status-publish","4":"format-standard","5":"has-post-thumbnail","7":"category-television","8":"tag-anouk","9":"tag-brackelaire","10":"tag-divertissement","11":"tag-entertainment","12":"tag-fr","13":"tag-france","14":"tag-philippe-ponthir","15":"tag-prof-de-chant","16":"tag-star-academy","17":"tag-television","18":"tag-tv","19":"tag-wanzoise"},"share_on_mastodon":{"url":"https:\/\/pubeurope.com\/@fr\/115820640594467001","error":""},"_links":{"self":[{"href":"https:\/\/www.europesays.com\/fr\/wp-json\/wp\/v2\/posts\/634459","targetHints":{"allow":["GET"]}}],"collection":[{"href":"https:\/\/www.europesays.com\/fr\/wp-json\/wp\/v2\/posts"}],"about":[{"href":"https:\/\/www.europesays.com\/fr\/wp-json\/wp\/v2\/types\/post"}],"author":[{"embeddable":true,"href":"https:\/\/www.europesays.com\/fr\/wp-json\/wp\/v2\/users\/2"}],"replies":[{"embeddable":true,"href":"https:\/\/www.europesays.com\/fr\/wp-json\/wp\/v2\/comments?post=634459"}],"version-history":[{"count":0,"href":"https:\/\/www.europesays.com\/fr\/wp-json\/wp\/v2\/posts\/634459\/revisions"}],"wp:featuredmedia":[{"embeddable":true,"href":"https:\/\/www.europesays.com\/fr\/wp-json\/wp\/v2\/media\/634460"}],"wp:attachment":[{"href":"https:\/\/www.europesays.com\/fr\/wp-json\/wp\/v2\/media?parent=634459"}],"wp:term":[{"taxonomy":"category","embeddable":true,"href":"https:\/\/www.europesays.com\/fr\/wp-json\/wp\/v2\/categories?post=634459"},{"taxonomy":"post_tag","embeddable":true,"href":"https:\/\/www.europesays.com\/fr\/wp-json\/wp\/v2\/tags?post=634459"}],"curies":[{"name":"wp","href":"https:\/\/api.w.org\/{rel}","templated":true}]}}