{"id":634461,"date":"2026-01-01T15:51:15","date_gmt":"2026-01-01T15:51:15","guid":{"rendered":"https:\/\/www.europesays.com\/fr\/634461\/"},"modified":"2026-01-01T15:51:15","modified_gmt":"2026-01-01T15:51:15","slug":"jai-signe-un-deal-gims-revele-ce-quil-a-gagne-en-2025","status":"publish","type":"post","link":"https:\/\/www.europesays.com\/fr\/634461\/","title":{"rendered":"&lsquo;J&rsquo;ai sign\u00e9 un deal&rsquo; : Gims r\u00e9v\u00e8le ce qu&rsquo;il a gagn\u00e9 en 2025"},"content":{"rendered":"<p>Apr\u00e8s avoir enchain\u00e9 les succ\u00e8s avec les titres \u00ab\u00a0Parisienne\u00a0\u00bb ou encore \u00ab\u00a0Air Force Blanche\u00a0\u00bb, le chanteur Gims r\u00e9alise l&rsquo;une des meilleures ann\u00e9es de sa carri\u00e8re.<\/p>\n<p>Interrog\u00e9 par\u00a0Loic Bourget, celui qui a commenc\u00e9 avec le groupe \u00ab\u00a0Sexion d&rsquo;Assaut\u00a0\u00bb explique vouloir imposer son propre style : \u00ab\u00a0C&rsquo;est un style que je suis en train d&rsquo;imposer. Tout comme le style africain, l&rsquo;afro en v\u00e9rit\u00e9, c&rsquo;est les m\u00eames prods \u00e0 chaque fois. Donc les gens aujourd&rsquo;hui [me disent] \u00ab\u00a0Oui mais c&rsquo;est la m\u00eame chose\u00a0\u00bb, mais on est en train de cr\u00e9er quelque chose ! Dans 10 ans, vous allez voir qu&rsquo;il y aura un nom sur ce type de riddim et c&rsquo;est \u00e7a le but.\u00a0\u00bb<\/p>\n<p>Gims se montre tr\u00e8s direct concernant ses revenus pour l&rsquo;ann\u00e9e \u00e9coul\u00e9e : \u00ab\u00a0On a peut-\u00eatre atteint les 18 millions [d&rsquo;euros], juste avec la tourn\u00e9e. Ensuite, j&rsquo;ai sign\u00e9 un deal avec Believe de 20 millions, qui a beaucoup fait parler.\u00a0\u00bb<\/p>\n<p>Il pr\u00e9cise la nature de cet accord : \u00ab\u00a0C&rsquo;est une avance non remboursable : c&rsquo;est de l&rsquo;argent qu&rsquo;on me donne pour fournir les sons. Que \u00e7a marche ou que \u00e7a ne marche pas. C&rsquo;est-\u00e0-dire que c&rsquo;est un risque que la maison de disque va prendre. C&rsquo;est le plus gros deal jamais sign\u00e9 en Europe.\u00a0\u00bb<\/p>\n<p>Le chanteur c\u00e9l\u00e8bre ainsi une ann\u00e9e record, avec des revenus estim\u00e9s \u00e0 une \u00ab\u00a0quarantaine de millions \u00e0 peu pr\u00e8s\u00a0\u00bb en incluant les partenariats et sponsors.<\/p>\n","protected":false},"excerpt":{"rendered":"Apr\u00e8s avoir enchain\u00e9 les succ\u00e8s avec les titres \u00ab\u00a0Parisienne\u00a0\u00bb ou encore \u00ab\u00a0Air Force Blanche\u00a0\u00bb, le chanteur Gims r\u00e9alise&hellip;\n","protected":false},"author":2,"featured_media":634462,"comment_status":"","ping_status":"","sticky":false,"template":"","format":"standard","meta":{"footnotes":""},"categories":[1355],"tags":[58,59,1011,27,1361,873],"class_list":{"0":"post-634461","1":"post","2":"type-post","3":"status-publish","4":"format-standard","5":"has-post-thumbnail","7":"category-musique","8":"tag-divertissement","9":"tag-entertainment","10":"tag-fr","11":"tag-france","12":"tag-music","13":"tag-musique"},"share_on_mastodon":{"url":"https:\/\/pubeurope.com\/@fr\/115820645067003918","error":""},"_links":{"self":[{"href":"https:\/\/www.europesays.com\/fr\/wp-json\/wp\/v2\/posts\/634461","targetHints":{"allow":["GET"]}}],"collection":[{"href":"https:\/\/www.europesays.com\/fr\/wp-json\/wp\/v2\/posts"}],"about":[{"href":"https:\/\/www.europesays.com\/fr\/wp-json\/wp\/v2\/types\/post"}],"author":[{"embeddable":true,"href":"https:\/\/www.europesays.com\/fr\/wp-json\/wp\/v2\/users\/2"}],"replies":[{"embeddable":true,"href":"https:\/\/www.europesays.com\/fr\/wp-json\/wp\/v2\/comments?post=634461"}],"version-history":[{"count":0,"href":"https:\/\/www.europesays.com\/fr\/wp-json\/wp\/v2\/posts\/634461\/revisions"}],"wp:featuredmedia":[{"embeddable":true,"href":"https:\/\/www.europesays.com\/fr\/wp-json\/wp\/v2\/media\/634462"}],"wp:attachment":[{"href":"https:\/\/www.europesays.com\/fr\/wp-json\/wp\/v2\/media?parent=634461"}],"wp:term":[{"taxonomy":"category","embeddable":true,"href":"https:\/\/www.europesays.com\/fr\/wp-json\/wp\/v2\/categories?post=634461"},{"taxonomy":"post_tag","embeddable":true,"href":"https:\/\/www.europesays.com\/fr\/wp-json\/wp\/v2\/tags?post=634461"}],"curies":[{"name":"wp","href":"https:\/\/api.w.org\/{rel}","templated":true}]}}