{"id":634481,"date":"2026-01-01T16:01:10","date_gmt":"2026-01-01T16:01:10","guid":{"rendered":"https:\/\/www.europesays.com\/fr\/634481\/"},"modified":"2026-01-01T16:01:10","modified_gmt":"2026-01-01T16:01:10","slug":"le-centre-social-offre-un-reveillon-solidaire-a-ceux-qui-en-ont-le-plus-besoin","status":"publish","type":"post","link":"https:\/\/www.europesays.com\/fr\/634481\/","title":{"rendered":"le centre social offre un r\u00e9veillon solidaire \u00e0 ceux qui en ont le plus besoin"},"content":{"rendered":"<p>Il y a une quinzaine d\u2019ann\u00e9es, le Centre social lan\u00e7ait son premier r\u00e9veillon solidaire. Cet \u00e9v\u00e9nement, devenu une tradition \u00e0 Unieux, est un temps important pour renforcer le lien social. \u00ab\u00a0Chaque ann\u00e9e, l\u2019\u00e9quipe de salari\u00e9s se mobilise avec un groupe de b\u00e9n\u00e9voles, 22 personnes en tout, pour offrir une parenth\u00e8se enchant\u00e9e \u00e0 ceux qui en ont le plus besoin\u00a0\u00bb, explique Nora Othman, la directrice.<\/p>\n<p>Pour participer, il n\u2019est pas n\u00e9cessaire d\u2019\u00eatre adh\u00e9rent au centre social unieutaire, mais seulement de r\u00e9pondre \u00e0 certains crit\u00e8res\u00a0: un quotient familial inf\u00e9rieur \u00e0 700, ou \u00eatre une personne seule ou isol\u00e9e, ou \u00eatre rep\u00e9r\u00e9e comme famille en difficult\u00e9.<\/p>\n<p>De nombreux partenaires<\/p>\n<p>Cette ann\u00e9e, le r\u00e9veillon a ainsi rassembl\u00e9 un peu plus de 120 personnes dans la salle Cr\u00e9pet. \u00ab\u00a0C\u2019est notre&#8230;<\/p>\n","protected":false},"excerpt":{"rendered":"Il y a une quinzaine d\u2019ann\u00e9es, le Centre social lan\u00e7ait son premier r\u00e9veillon solidaire. Cet \u00e9v\u00e9nement, devenu une&hellip;\n","protected":false},"author":2,"featured_media":634482,"comment_status":"","ping_status":"","sticky":false,"template":"","format":"standard","meta":{"footnotes":""},"categories":[9653],"tags":[1111,11,2430,1687,7539,1777,674,3326,1011,27,12,25,4001,14024,14025],"class_list":{"0":"post-634481","1":"post","2":"type-post","3":"status-publish","4":"format-standard","5":"has-post-thumbnail","7":"category-saint-etienne","8":"tag-actu","9":"tag-actualites","10":"tag-auvergne-rhone-alpes","11":"tag-culture-loisirs","12":"tag-edition-loire-sud","13":"tag-eu","14":"tag-europe","15":"tag-fete-locale","16":"tag-fr","17":"tag-france","18":"tag-news","19":"tag-republique-francaise","20":"tag-saint-etienne","21":"tag-unieux","22":"tag-unieux-bassin"},"share_on_mastodon":{"url":"https:\/\/pubeurope.com\/@fr\/115820683879159990","error":""},"_links":{"self":[{"href":"https:\/\/www.europesays.com\/fr\/wp-json\/wp\/v2\/posts\/634481","targetHints":{"allow":["GET"]}}],"collection":[{"href":"https:\/\/www.europesays.com\/fr\/wp-json\/wp\/v2\/posts"}],"about":[{"href":"https:\/\/www.europesays.com\/fr\/wp-json\/wp\/v2\/types\/post"}],"author":[{"embeddable":true,"href":"https:\/\/www.europesays.com\/fr\/wp-json\/wp\/v2\/users\/2"}],"replies":[{"embeddable":true,"href":"https:\/\/www.europesays.com\/fr\/wp-json\/wp\/v2\/comments?post=634481"}],"version-history":[{"count":0,"href":"https:\/\/www.europesays.com\/fr\/wp-json\/wp\/v2\/posts\/634481\/revisions"}],"wp:featuredmedia":[{"embeddable":true,"href":"https:\/\/www.europesays.com\/fr\/wp-json\/wp\/v2\/media\/634482"}],"wp:attachment":[{"href":"https:\/\/www.europesays.com\/fr\/wp-json\/wp\/v2\/media?parent=634481"}],"wp:term":[{"taxonomy":"category","embeddable":true,"href":"https:\/\/www.europesays.com\/fr\/wp-json\/wp\/v2\/categories?post=634481"},{"taxonomy":"post_tag","embeddable":true,"href":"https:\/\/www.europesays.com\/fr\/wp-json\/wp\/v2\/tags?post=634481"}],"curies":[{"name":"wp","href":"https:\/\/api.w.org\/{rel}","templated":true}]}}