{"id":634495,"date":"2026-01-01T16:13:10","date_gmt":"2026-01-01T16:13:10","guid":{"rendered":"https:\/\/www.europesays.com\/fr\/634495\/"},"modified":"2026-01-01T16:13:10","modified_gmt":"2026-01-01T16:13:10","slug":"alain-carignon-accuse-la-majorite-piolle-de-non-assistance-a-grenoblois-en-danger-2","status":"publish","type":"post","link":"https:\/\/www.europesays.com\/fr\/634495\/","title":{"rendered":"Alain Carignon accuse la majorit\u00e9 Piolle de \u00ab\u00a0non-assistance \u00e0 Grenoblois en danger\u00a0\u00bb"},"content":{"rendered":"<p itemprop=\"description\"><strong>La campagne municipale grenobloise entre dans la derni\u00e8re ligne droite.<\/strong><\/p>\n<p>Dans un communiqu\u00e9 au ton offensif, Alain Carignon, ancien maire de Grenoble et candidat aux \u00e9lections municipales, accuse la majorit\u00e9 actuelle de \u00ab\u00a0non-assistance \u00e0 Grenoblois en danger\u00a0\u00bb sur la question de la s\u00e9curit\u00e9.<\/p>\n<p>Au c\u0153ur de la pol\u00e9mique : le refus persistant du maire \u00e9cologiste \u00c9ric Piolle d\u2019\u00e9quiper la police municipale d\u2019armes de cat\u00e9gorie B1. L\u2019Union syndicale des policiers municipaux et des agents de pr\u00e9vention et de m\u00e9diation a ainsi d\u00e9pos\u00e9 un recours devant le tribunal administratif de Grenoble, contestant l\u2019absence d\u2019analyse actualis\u00e9e des risques encourus par les agents, pourtant obligatoire pour les maires.<\/p>\n<p>Selon le communiqu\u00e9, cette position aurait entra\u00een\u00e9 une d\u00e9sorganisation profonde de la police municipale. Sur les 50 policiers municipaux th\u00e9oriquement en poste, seuls 25 seraient aujourd\u2019hui op\u00e9rationnels, certains agents ayant exerc\u00e9 leur droit de retrait ou quitt\u00e9 la collectivit\u00e9. Les syndicats \u00e9voquent un climat d\u2019ins\u00e9curit\u00e9 renforc\u00e9 depuis la mort de Lilian Dejean, policier municipal tu\u00e9 par un d\u00e9linquant, \u00e9v\u00e9nement cit\u00e9 comme \u00e9l\u00e9ment d\u00e9clencheur de la mobilisation.<\/p>\n<p>Alain Carignon cible \u00e9galement la candidate de la majorit\u00e9 municipale, Laurence Ruffin, accus\u00e9e de maintenir une ligne \u00ab\u00a0id\u00e9ologique\u00a0\u00bb qui, selon lui, limiterait la pr\u00e9sence de la police municipale sur le terrain. Il estime que cette situation \u00ab\u00a0accro\u00eet les risques pour tous les Grenoblois\u00a0\u00bb, dans une ville qu\u2019il qualifie de touch\u00e9e par une \u00ab\u00a0d\u00e9linquance end\u00e9mique\u00a0\u00bb.<\/p>\n<p>S\u2019il \u00e9tait \u00e9lu en mars, le candidat annonce vouloir armer la police municipale, d\u00e9ployer un r\u00e9seau de vid\u00e9oprotection et cr\u00e9er un poste de commandement op\u00e9rationnel fonctionnant 24h\/24, avec l\u2019objectif affich\u00e9 de faire sortir Grenoble des villes les plus touch\u00e9es par la d\u00e9linquance rapport\u00e9e au nombre d\u2019habitants.<\/p>\n","protected":false},"excerpt":{"rendered":"La campagne municipale grenobloise entre dans la derni\u00e8re ligne droite. Dans un communiqu\u00e9 au ton offensif, Alain Carignon,&hellip;\n","protected":false},"author":2,"featured_media":634494,"comment_status":"","ping_status":"","sticky":false,"template":"","format":"standard","meta":{"footnotes":""},"categories":[9566],"tags":[1111,11,2813,2430,1109,251,1112,2811,1777,674,118,1011,27,21780,2731,14004,1922,1110,1114,108,12,316,25,2812,517,800],"class_list":{"0":"post-634495","1":"post","2":"type-post","3":"status-publish","4":"format-standard","5":"has-post-thumbnail","7":"category-grenoble","8":"tag-actu","9":"tag-actualites","10":"tag-article","11":"tag-auvergne-rhone-alpes","12":"tag-breves","13":"tag-culture","14":"tag-depeches","15":"tag-economique","16":"tag-eu","17":"tag-europe","18":"tag-faits-divers","19":"tag-fr","20":"tag-france","21":"tag-gf38","22":"tag-grenoble","23":"tag-grenoblemag","24":"tag-info","25":"tag-informations","26":"tag-infos","27":"tag-isere","28":"tag-news","29":"tag-politique","30":"tag-republique-francaise","31":"tag-sociale","32":"tag-sport","33":"tag-transports"},"share_on_mastodon":{"url":"https:\/\/pubeurope.com\/@fr\/115820730945543062","error":""},"_links":{"self":[{"href":"https:\/\/www.europesays.com\/fr\/wp-json\/wp\/v2\/posts\/634495","targetHints":{"allow":["GET"]}}],"collection":[{"href":"https:\/\/www.europesays.com\/fr\/wp-json\/wp\/v2\/posts"}],"about":[{"href":"https:\/\/www.europesays.com\/fr\/wp-json\/wp\/v2\/types\/post"}],"author":[{"embeddable":true,"href":"https:\/\/www.europesays.com\/fr\/wp-json\/wp\/v2\/users\/2"}],"replies":[{"embeddable":true,"href":"https:\/\/www.europesays.com\/fr\/wp-json\/wp\/v2\/comments?post=634495"}],"version-history":[{"count":0,"href":"https:\/\/www.europesays.com\/fr\/wp-json\/wp\/v2\/posts\/634495\/revisions"}],"wp:featuredmedia":[{"embeddable":true,"href":"https:\/\/www.europesays.com\/fr\/wp-json\/wp\/v2\/media\/634494"}],"wp:attachment":[{"href":"https:\/\/www.europesays.com\/fr\/wp-json\/wp\/v2\/media?parent=634495"}],"wp:term":[{"taxonomy":"category","embeddable":true,"href":"https:\/\/www.europesays.com\/fr\/wp-json\/wp\/v2\/categories?post=634495"},{"taxonomy":"post_tag","embeddable":true,"href":"https:\/\/www.europesays.com\/fr\/wp-json\/wp\/v2\/tags?post=634495"}],"curies":[{"name":"wp","href":"https:\/\/api.w.org\/{rel}","templated":true}]}}