{"id":634504,"date":"2026-01-01T16:21:16","date_gmt":"2026-01-01T16:21:16","guid":{"rendered":"https:\/\/www.europesays.com\/fr\/634504\/"},"modified":"2026-01-01T16:21:16","modified_gmt":"2026-01-01T16:21:16","slug":"a-la-fois-clowne-et-maitresse-decole-mirza-transforme-les-emotions-en-spectacle-a-2","status":"publish","type":"post","link":"https:\/\/www.europesays.com\/fr\/634504\/","title":{"rendered":"\u00c0 la fois \u00ab clowne \u00bb et maitresse d\u2019\u00e9cole, Mirza transforme les \u00e9motions en spectacle \u00e0"},"content":{"rendered":"<p>S\u00e9verine a d\u00e9but\u00e9 par des ateliers de formation au th\u00e9\u00e2tre du Cyclope \u00e0 Nantes. C\u2019est l\u00e0 qu\u2019elle rencontre Claudia Nottale, clown professionnelle, metteur en sc\u00e8ne. C\u2019est une r\u00e9v\u00e9lation pour S\u00e9verine, qui embrasse le monde des clowns. Il s\u2019ensuit plusieurs stages de formation et un premier spectacle avec sept\u00a0autres clowns, mis en sc\u00e8ne par Claudia Nottale\u00a0: \u00ab\u00a0C\u2019mouvoir\u00a0\u00bb.<\/p>\n<p><a href=\"https:\/\/nantes.maville.com\/actu\/actudet_-quand-les-clowns-agitent-les-couloirs-du-chu-de-nantes-le-rire-medecin-fete-ses-30-ans-_54028-7031713_actu.Htm\" target=\"_blank\" rel=\"noopener\"> <strong>EN IMAGES<\/strong>. \u00ab\u00a0\u00c7a aide beaucoup\u00a0\u00bb\u00a0: quand les clowns agitent les couloirs du CHU de Nantes<\/a><\/p>\n<p>Les enfants et la sinc\u00e9rit\u00e9 de leurs \u00e9motions continuent d\u2019inspirer Mirza<\/p>\n<p>Tr\u00e8s vite, il appara\u00eet qu\u2019un spectacle avec huit\u00a0artistes c\u2019est compliqu\u00e9. C\u2019est pourquoi, \u00e0 partir de ses improvisations sur la th\u00e9matique des \u00e9motions elle cr\u00e9e un format court en solo qu\u2019elle tourne dans des spectacles \u00e0 domicile, en cabaret et dans des festivals.<\/p>\n<p>Ce spectacle s\u2019appelle \u00ab\u00a0Nom d\u2019un chien\u00a0\u00bb, et c\u2019est \u00e0 ce moment qu\u2019elle prend le nom de sc\u00e8ne de Mirza, en r\u00e9f\u00e9rence \u00e0 son amour pour la race canine et \u00e0 la c\u00e9l\u00e8bre chanson d\u2019un non moins c\u00e9l\u00e8bre artiste.<\/p>\n<p>Le succ\u00e8s de son spectacle l\u2019encourage \u00e0 en cr\u00e9er un sur un plus long format\u00a0: \u00ab\u00a0Advienne que pourra\u00a0\u00bb \u00e9crit par Mirza et accompagn\u00e9e par Claudia Nottale.<\/p>\n<p>Les enfants dans la po\u00e9sie et la sinc\u00e9rit\u00e9 de leurs \u00e9motions continuent d\u2019inspirer Mirza.<\/p>\n<p>Pratique<\/p>\n<p>Ce spectacle tout public \u00e0 partir de 7\u00a0ans sera jou\u00e9 le 18\u00a0janvier 2026 \u00e0 la salle \u00ab\u00a0les vari\u00e9t\u00e9s\u00a0\u00bb, situ\u00e9e 21,\u00a0rue du Fr\u00e8re-Louis \u00e0 Nantes, dans le cadre du festival \u00ab\u00a0La R\u00e9plique\u00a0\u00bb.<\/p>\n<p><strong>Places\u00a0:<\/strong> <a href=\"https:\/\/www.eventim-light.com\/fr\/a\/6794f23956fce07b6c227689\" target=\"_blank\" rel=\"noopener\">https:\/\/www.eventim-light.com\/fr\/a\/6794f23956fce07b6c227689<\/a>.<\/p>\n<p>Pour un contact avec MIRZA severinemorice@netcourrier.com<\/p>\n<p>\u00a0<\/p>\n","protected":false},"excerpt":{"rendered":"S\u00e9verine a d\u00e9but\u00e9 par des ateliers de formation au th\u00e9\u00e2tre du Cyclope \u00e0 Nantes. C\u2019est l\u00e0 qu\u2019elle rencontre&hellip;\n","protected":false},"author":2,"featured_media":634299,"comment_status":"","ping_status":"","sticky":false,"template":"","format":"standard","meta":{"footnotes":""},"categories":[2818],"tags":[1111,11,74252,1122,27517,1777,674,3395,1011,27,32822,74253,766,12,2636,25,3140,7784],"class_list":{"0":"post-634504","1":"post","2":"type-post","3":"status-publish","4":"format-standard","5":"has-post-thumbnail","7":"category-nantes","8":"tag-actu","9":"tag-actualites","10":"tag-clowne","11":"tag-ecole","12":"tag-emotions","13":"tag-eu","14":"tag-europe","15":"tag-fois","16":"tag-fr","17":"tag-france","18":"tag-maitresse","19":"tag-mirza","20":"tag-nantes","21":"tag-news","22":"tag-pays-de-la-loire","23":"tag-republique-francaise","24":"tag-spectacle","25":"tag-transforme"},"share_on_mastodon":{"url":"https:\/\/pubeurope.com\/@fr\/115820762442624066","error":""},"_links":{"self":[{"href":"https:\/\/www.europesays.com\/fr\/wp-json\/wp\/v2\/posts\/634504","targetHints":{"allow":["GET"]}}],"collection":[{"href":"https:\/\/www.europesays.com\/fr\/wp-json\/wp\/v2\/posts"}],"about":[{"href":"https:\/\/www.europesays.com\/fr\/wp-json\/wp\/v2\/types\/post"}],"author":[{"embeddable":true,"href":"https:\/\/www.europesays.com\/fr\/wp-json\/wp\/v2\/users\/2"}],"replies":[{"embeddable":true,"href":"https:\/\/www.europesays.com\/fr\/wp-json\/wp\/v2\/comments?post=634504"}],"version-history":[{"count":0,"href":"https:\/\/www.europesays.com\/fr\/wp-json\/wp\/v2\/posts\/634504\/revisions"}],"wp:featuredmedia":[{"embeddable":true,"href":"https:\/\/www.europesays.com\/fr\/wp-json\/wp\/v2\/media\/634299"}],"wp:attachment":[{"href":"https:\/\/www.europesays.com\/fr\/wp-json\/wp\/v2\/media?parent=634504"}],"wp:term":[{"taxonomy":"category","embeddable":true,"href":"https:\/\/www.europesays.com\/fr\/wp-json\/wp\/v2\/categories?post=634504"},{"taxonomy":"post_tag","embeddable":true,"href":"https:\/\/www.europesays.com\/fr\/wp-json\/wp\/v2\/tags?post=634504"}],"curies":[{"name":"wp","href":"https:\/\/api.w.org\/{rel}","templated":true}]}}