{"id":634507,"date":"2026-01-01T16:23:09","date_gmt":"2026-01-01T16:23:09","guid":{"rendered":"https:\/\/www.europesays.com\/fr\/634507\/"},"modified":"2026-01-01T16:23:09","modified_gmt":"2026-01-01T16:23:09","slug":"le-petit-b-un-spectacle-de-danse-pour-eveiller-les-tout-petits","status":"publish","type":"post","link":"https:\/\/www.europesays.com\/fr\/634507\/","title":{"rendered":"\u00ab\u00a0Le Petit B\u00a0\u00bb, un spectacle de danse pour \u00e9veiller les tout-petits"},"content":{"rendered":"<p>Le service culture de la Ville de M\u00e9rignac propose un spectacle de danse jeune public, \u00ab\u00a0Le Petit&amp;nbsp&#8230;<\/p>\n<p>Le service culture de la Ville de M\u00e9rignac propose un spectacle de danse jeune public, \u00ab\u00a0Le Petit\u00a0B\u00a0\u00bb, de Marion Muzac (MZ Productions) le samedi 10\u00a0janvier \u00e0\u00a010 et\u00a014\u00a0heures \u00e0 la salle de la Glaci\u00e8re, 56, rue Armand-Gayral. Une exp\u00e9rience douce et surprenante \u00e0 partager avec les tout-petits.<\/p>\n","protected":false},"excerpt":{"rendered":"Le service culture de la Ville de M\u00e9rignac propose un spectacle de danse jeune public, \u00ab\u00a0Le Petit&amp;nbsp&#8230; Le&hellip;\n","protected":false},"author":2,"featured_media":634508,"comment_status":"","ping_status":"","sticky":false,"template":"","format":"standard","meta":{"footnotes":""},"categories":[2817],"tags":[1111,11,1997,1777,674,1011,27,12,2219,25],"class_list":{"0":"post-634507","1":"post","2":"type-post","3":"status-publish","4":"format-standard","5":"has-post-thumbnail","7":"category-bordeaux","8":"tag-actu","9":"tag-actualites","10":"tag-bordeaux","11":"tag-eu","12":"tag-europe","13":"tag-fr","14":"tag-france","15":"tag-news","16":"tag-nouvelle-aquitaine","17":"tag-republique-francaise"},"share_on_mastodon":{"url":"https:\/\/pubeurope.com\/@fr\/115820770453695006","error":""},"_links":{"self":[{"href":"https:\/\/www.europesays.com\/fr\/wp-json\/wp\/v2\/posts\/634507","targetHints":{"allow":["GET"]}}],"collection":[{"href":"https:\/\/www.europesays.com\/fr\/wp-json\/wp\/v2\/posts"}],"about":[{"href":"https:\/\/www.europesays.com\/fr\/wp-json\/wp\/v2\/types\/post"}],"author":[{"embeddable":true,"href":"https:\/\/www.europesays.com\/fr\/wp-json\/wp\/v2\/users\/2"}],"replies":[{"embeddable":true,"href":"https:\/\/www.europesays.com\/fr\/wp-json\/wp\/v2\/comments?post=634507"}],"version-history":[{"count":0,"href":"https:\/\/www.europesays.com\/fr\/wp-json\/wp\/v2\/posts\/634507\/revisions"}],"wp:featuredmedia":[{"embeddable":true,"href":"https:\/\/www.europesays.com\/fr\/wp-json\/wp\/v2\/media\/634508"}],"wp:attachment":[{"href":"https:\/\/www.europesays.com\/fr\/wp-json\/wp\/v2\/media?parent=634507"}],"wp:term":[{"taxonomy":"category","embeddable":true,"href":"https:\/\/www.europesays.com\/fr\/wp-json\/wp\/v2\/categories?post=634507"},{"taxonomy":"post_tag","embeddable":true,"href":"https:\/\/www.europesays.com\/fr\/wp-json\/wp\/v2\/tags?post=634507"}],"curies":[{"name":"wp","href":"https:\/\/api.w.org\/{rel}","templated":true}]}}