{"id":634515,"date":"2026-01-01T16:27:09","date_gmt":"2026-01-01T16:27:09","guid":{"rendered":"https:\/\/www.europesays.com\/fr\/634515\/"},"modified":"2026-01-01T16:27:09","modified_gmt":"2026-01-01T16:27:09","slug":"la-bande-a-fifi-et-jamel-debbouze-debarquent-au-kinepolis-de-lomme-pour-une-avant-premiere","status":"publish","type":"post","link":"https:\/\/www.europesays.com\/fr\/634515\/","title":{"rendered":"La Bande \u00e0 Fifi et Jamel Debbouze d\u00e9barquent au Kinepolis de Lomme pour une avant-premi\u00e8re"},"content":{"rendered":"<p>                    Par<br \/>\n        <strong><br \/>\n            <a href=\"https:\/\/actu.fr\/auteur\/hervine-mahaud\" title=\"Consulter tous les articles de Hervine Mahaud\" target=\"_blank\" rel=\"noopener\">Hervine Mahaud<\/a><br \/>\n                    <\/strong><\/p>\n<p>        Publi\u00e9 le<\/p>\n<p>            1 janv. 2026 \u00e0 15h33        <\/p>\n<p>\u00ab\u00a0Houba houba\u00a0\u00bb, ce sont eux ! Les h\u00e9ros du <b>film \u00ab\u00a0Marsupilami\u00a0\u00bb<\/b> seront au <b>Kinepolis de Lomme<\/b>, pr\u00e8s de <a href=\"https:\/\/actu.fr\/hauts-de-france\/lille_59350\" target=\"_blank\" rel=\"noopener\">Lille<\/a>, ce <b>lundi 5 janvier 2026. Le cin\u00e9ma<\/b>\u00a0accueillera une <b>avant-premi\u00e8re tr\u00e8s attendue<\/b> avec la pr\u00e9sence de <b>Philippe Lacheau<\/b>, <b>Julien Arruti <\/b>de la <b>B<\/b><b>ande \u00e0 Fifi <\/b>ainsi que <b>Jamel Debbouze<\/b>.\u00a0<\/p>\n<p>Jamel Debbouze, Philippe Lacheau et Julien Arruti seront de passage au Kinepolis de Lomme<\/p>\n<p class=\" wall-content\">La projection est pr\u00e9vue \u00e0 <b>20 h 30<\/b>, mais les spectateurs pourront voir les artistes <b>d\u00e8s 20 heures<\/b>, lors de leur mont\u00e9e des marches et d\u2019une <b>prise de parole avant la s\u00e9ance<\/b>. L\u2019occasion, rare dans la r\u00e9gion, de rencontrer en chair et en os les figures embl\u00e9matiques de <b>la Bande \u00e0 Fifi<\/b>, connue pour ses com\u00e9dies populaires et d\u00e9jant\u00e9es (Babysitting, Alibi.com, \u00c9pouse-moi mon pote\u2026).<\/p>\n<p class=\" wall-content\">R\u00e9alis\u00e9 par <b>Philippe Lacheau<\/b>, le film \u00ab\u00a0Marsupilami\u00a0\u00bb marque le retour de la troupe avec une nouvelle aventure m\u00ealant quiproquos et situations absurdes. L\u2019histoire suit David, pr\u00eat \u00e0 accepter un plan risqu\u00e9 pour sauver son emploi, en convoyant un myst\u00e9rieux colis d\u2019Am\u00e9rique du Sud. \u00c0 bord d\u2019une croisi\u00e8re d\u00e9j\u00e0 mouvement\u00e9e, tout d\u00e9rape lorsque le colis est ouvert par erreur, r\u00e9v\u00e9lant un <b>b\u00e9b\u00e9 Marsupilami<\/b> et plongeant les passagers dans un chaos total.<\/p>\n<p>    <a href=\"https:\/\/www.facebook.com\/plugins\/post.php?href=https%3A%2F%2Fwww.facebook.com%2Fkinepolislomme%2Fposts%2Fpfbid0kSJ9YWQ54EmTEQNjja9x95J8zSEWUE8JiJzKYnUhf1sTYZFXTGJ7fsukpxBcToY2l&amp;show_text=true&amp;width=350\" title=\"Ouvrie le lien\" target=\"_blank\" rel=\"noopener\">Cliquez ici pour visualiser le contenu<\/a><\/p>\n<p class=\" wall-content\">Le casting r\u00e9unit <b>Tarek Boudali, Jamel Debbouze, Reem Kherici, \u00c9lodie Fontan, Alban Ivanov, Jean Reno<\/b> et <b>Philippe Lacheau<\/b>. La com\u00e9die, projet\u00e9e en avant-premi\u00e8re au Kinepolis de Lomme, ne sortira que le 4 f\u00e9vrier prochain dans les salles obscures du reste de la France.<\/p>\n<p class=\" wall-content\">Pour r\u00e9servez votre place, <a href=\"https:\/\/kinepolis.fr\/movies\/detail\/37001\/HO00015050\/0000000003\/visite-d-equipe-marsupilami\" target=\"_blank\" rel=\"noopener\">cliquez ici<\/a>.<\/p>\n<p class=\" wall-content\">Personnalisez votre actualit\u00e9 en ajoutant vos villes et m\u00e9dias en favori avec <a href=\"https:\/\/moncompte.actu.fr\" title=\"D\u00e9couvez Mon Actu\" rel=\"nofollow noopener\" data-trk=\"{&quot;cta&quot;:{&quot;action&quot;:&quot;https:\\\/\\\/moncompte.actu.fr&quot;,&quot;category&quot;:&quot;mon compte&quot;,&quot;from&quot;:&quot;article footer&quot;,&quot;name&quot;:&quot;Mon actu&quot;,&quot;type&quot;:&quot;cta&quot;}}\" target=\"_blank\">Mon Actu<\/a>.<\/p>\n","protected":false},"excerpt":{"rendered":"Par Hervine Mahaud Publi\u00e9 le 1 janv. 2026 \u00e0 15h33 \u00ab\u00a0Houba houba\u00a0\u00bb, ce sont eux ! Les h\u00e9ros&hellip;\n","protected":false},"author":2,"featured_media":634516,"comment_status":"","ping_status":"","sticky":false,"template":"","format":"standard","meta":{"footnotes":""},"categories":[2815],"tags":[1111,11,650,1777,674,1011,27,811,8585,1307,1652,12,10922,25],"class_list":{"0":"post-634515","1":"post","2":"type-post","3":"status-publish","4":"format-standard","5":"has-post-thumbnail","7":"category-lille","8":"tag-actu","9":"tag-actualites","10":"tag-cinema","11":"tag-eu","12":"tag-europe","13":"tag-fr","14":"tag-france","15":"tag-hauts-de-france","16":"tag-jamel-debbouze","17":"tag-lille","18":"tag-loisirs-culture","19":"tag-news","20":"tag-philippe-lacheau","21":"tag-republique-francaise"},"share_on_mastodon":{"url":"https:\/\/pubeurope.com\/@fr\/115820785997221288","error":""},"_links":{"self":[{"href":"https:\/\/www.europesays.com\/fr\/wp-json\/wp\/v2\/posts\/634515","targetHints":{"allow":["GET"]}}],"collection":[{"href":"https:\/\/www.europesays.com\/fr\/wp-json\/wp\/v2\/posts"}],"about":[{"href":"https:\/\/www.europesays.com\/fr\/wp-json\/wp\/v2\/types\/post"}],"author":[{"embeddable":true,"href":"https:\/\/www.europesays.com\/fr\/wp-json\/wp\/v2\/users\/2"}],"replies":[{"embeddable":true,"href":"https:\/\/www.europesays.com\/fr\/wp-json\/wp\/v2\/comments?post=634515"}],"version-history":[{"count":0,"href":"https:\/\/www.europesays.com\/fr\/wp-json\/wp\/v2\/posts\/634515\/revisions"}],"wp:featuredmedia":[{"embeddable":true,"href":"https:\/\/www.europesays.com\/fr\/wp-json\/wp\/v2\/media\/634516"}],"wp:attachment":[{"href":"https:\/\/www.europesays.com\/fr\/wp-json\/wp\/v2\/media?parent=634515"}],"wp:term":[{"taxonomy":"category","embeddable":true,"href":"https:\/\/www.europesays.com\/fr\/wp-json\/wp\/v2\/categories?post=634515"},{"taxonomy":"post_tag","embeddable":true,"href":"https:\/\/www.europesays.com\/fr\/wp-json\/wp\/v2\/tags?post=634515"}],"curies":[{"name":"wp","href":"https:\/\/api.w.org\/{rel}","templated":true}]}}