{"id":634519,"date":"2026-01-01T16:30:10","date_gmt":"2026-01-01T16:30:10","guid":{"rendered":"https:\/\/www.europesays.com\/fr\/634519\/"},"modified":"2026-01-01T16:30:10","modified_gmt":"2026-01-01T16:30:10","slug":"doigts-arraches-par-des-engins-pyrotechniques-menace-avec-un-couteau-a-paris-un-homme-poignarde-a-marseille-le-point-sur-les-incidents-du-nouvel-an","status":"publish","type":"post","link":"https:\/\/www.europesays.com\/fr\/634519\/","title":{"rendered":"Doigts arrach\u00e9s par des engins pyrotechniques, menace avec un couteau \u00e0 Paris, un homme poignard\u00e9 \u00e0 Marseille\u2026 Le point sur les incidents du Nouvel An"},"content":{"rendered":"<p>\n                                                                Plusieurs incidents, parfois dramatiques, ont \u00e9t\u00e9 recens\u00e9s dans la nuit du mercredi 31\u00a0d\u00e9cembre 2025 au jeudi 1er\u00a0janvier 2026.\n                            <\/p>\n<p>Alors que la France f\u00eatait la nouvelle ann\u00e9e, les forces de l\u2019ordre ont \u00e9t\u00e9 sollicit\u00e9es \u00e0 travers le pays. Une mobilisation qui n\u2019a pas emp\u00each\u00e9 de nombreux d\u00e9bordements d\u2019avoir lieu\u00a0au sein de la capitale et partout ailleurs dans l\u2019Hexagone.<\/p>\n<p>Du c\u00f4t\u00e9 de nos confr\u00e8res du <a href=\"https:\/\/www.leparisien.fr\/faits-divers\/nouvel-an-de-nombreux-vehicules-brules-et-plusieurs-affrontements-avec-les-forces-de-lordre-en-marge-des-festivites-01-01-2026-6VLUPFE24BAS7PX5VQDSQNO3JQ.php\" target=\"_self\" rel=\"noopener\">Parisien<\/a>, ils indiquent qu\u2019un homme a \u00e9t\u00e9 interpell\u00e9 pr\u00e8s de\u00a0l\u2019h\u00f4pital Bichat, dans le XVIIIe arrondissement. Ce dernier souffrirait de toxicomanie et \u00e9tait visiblement ivre au moment des faits. Il aurait finalement \u00e9t\u00e9 arr\u00eat\u00e9 gr\u00e2ce \u00e0 un tir de taser, puis de LBD.<\/p>\n<p>Dans le VIIIe arrondissement, cinq personnes ont \u00e9t\u00e9 interpell\u00e9es\u00a0pour avoir jet\u00e9 des bouteilles en verre sur la voie publique et sur des v\u00e9hicules qui \u00e9taient gar\u00e9s. L\u2019une d\u2019elles aurait cri\u00e9 \u00ab\u00a0Allahou akbar\u00a0\u00bb, en pr\u00e9sence de la police, elle a \u00e9t\u00e9 plac\u00e9e en garde \u00e0 vue pour apologie du terrorisme.<\/p>\n<p>En tout, pr\u00e8s de\u00a0125 personnes, dont une femme et 15 mineurs, ont \u00e9t\u00e9 plac\u00e9es en garde \u00e0 vue durant la nuit.<\/p>\n<p>Un ado 12 ans perd trois doigts<\/p>\n<p>Parmi les autres faits marquants qui ont eu lieu en France, un adolescent de 12 ans aurait perdu trois doigts en manipulant des engins pyrotechniques. Il a \u00e9t\u00e9 pris en charge par les secours et transport\u00e9 \u00e0 l\u2019h\u00f4pital.<\/p>\n<p>Des v\u00e9hicules ont\u00a0\u00e9galement \u00e9t\u00e9 br\u00fbl\u00e9s dans les Yvelines. Des tirs de mortiers ont \u00e9t\u00e9 recens\u00e9s dans l\u2019Essonne, et dans les Hauts-de-Seine.<\/p>\n<p>M\u00eame chose dans le Haut-Rhin o\u00f9 des policiers ont \u00e9t\u00e9 cibl\u00e9s par des mortiers\u00a0ou encore \u00e0 Dijon (C\u00f4te-d\u2019Or) ou deux personnes ont \u00e9t\u00e9 interpell\u00e9es avec ces engins.<\/p>\n<p>Un homme poignard\u00e9 \u00e0 Marseille<\/p>\n<p>Dans le Sud, un homme a perdu la vie \u00e0 Marseille, rapporte le quotidien <a href=\"https:\/\/www.laprovence.com\/article\/faits-divers-justice\/2056753751735215\/reveillon-du-nouvel-an-un-homme-entre-la-vie-et-la-mort-apres-une-agression-a-larme-blanche-en-centre-ville-a-marseille\" target=\"_self\" rel=\"noopener\">La Provence<\/a>. D\u2019apr\u00e8s les premiers \u00e9l\u00e9ments, la victime d\u2019une trentaine d\u2019ann\u00e9es\u00a0aurait \u00e9t\u00e9 poignard\u00e9e \u00e0 l\u2019abdomen le 31\u00a0d\u00e9cembre. Elle a ensuite \u00e9t\u00e9 prise en charge en urgence et transport\u00e9e \u00e0\u00a0l\u2019h\u00f4pital, alors qu\u2019elle\u00a0\u00e9tait inconsciente.<\/p>\n<p>Elle est finalement d\u00e9c\u00e9d\u00e9e aux alentours de deux heures du matin. Les suspects sont quant \u00e0 eux en fuite.<\/p>\n","protected":false},"excerpt":{"rendered":"Plusieurs incidents, parfois dramatiques, ont \u00e9t\u00e9 recens\u00e9s dans la nuit du mercredi 31\u00a0d\u00e9cembre 2025 au jeudi 1er\u00a0janvier 2026.&hellip;\n","protected":false},"author":2,"featured_media":634520,"comment_status":"","ping_status":"","sticky":false,"template":"","format":"standard","meta":{"footnotes":""},"categories":[2814],"tags":[1111,11,1777,674,118,1011,27,884,12,882,25],"class_list":{"0":"post-634519","1":"post","2":"type-post","3":"status-publish","4":"format-standard","5":"has-post-thumbnail","7":"category-marseille","8":"tag-actu","9":"tag-actualites","10":"tag-eu","11":"tag-europe","12":"tag-faits-divers","13":"tag-fr","14":"tag-france","15":"tag-marseille","16":"tag-news","17":"tag-provence-alpes-cote-dazur","18":"tag-republique-francaise"},"share_on_mastodon":{"url":"https:\/\/pubeurope.com\/@fr\/115820797974240302","error":""},"_links":{"self":[{"href":"https:\/\/www.europesays.com\/fr\/wp-json\/wp\/v2\/posts\/634519","targetHints":{"allow":["GET"]}}],"collection":[{"href":"https:\/\/www.europesays.com\/fr\/wp-json\/wp\/v2\/posts"}],"about":[{"href":"https:\/\/www.europesays.com\/fr\/wp-json\/wp\/v2\/types\/post"}],"author":[{"embeddable":true,"href":"https:\/\/www.europesays.com\/fr\/wp-json\/wp\/v2\/users\/2"}],"replies":[{"embeddable":true,"href":"https:\/\/www.europesays.com\/fr\/wp-json\/wp\/v2\/comments?post=634519"}],"version-history":[{"count":0,"href":"https:\/\/www.europesays.com\/fr\/wp-json\/wp\/v2\/posts\/634519\/revisions"}],"wp:featuredmedia":[{"embeddable":true,"href":"https:\/\/www.europesays.com\/fr\/wp-json\/wp\/v2\/media\/634520"}],"wp:attachment":[{"href":"https:\/\/www.europesays.com\/fr\/wp-json\/wp\/v2\/media?parent=634519"}],"wp:term":[{"taxonomy":"category","embeddable":true,"href":"https:\/\/www.europesays.com\/fr\/wp-json\/wp\/v2\/categories?post=634519"},{"taxonomy":"post_tag","embeddable":true,"href":"https:\/\/www.europesays.com\/fr\/wp-json\/wp\/v2\/tags?post=634519"}],"curies":[{"name":"wp","href":"https:\/\/api.w.org\/{rel}","templated":true}]}}