{"id":634521,"date":"2026-01-01T16:31:11","date_gmt":"2026-01-01T16:31:11","guid":{"rendered":"https:\/\/www.europesays.com\/fr\/634521\/"},"modified":"2026-01-01T16:31:11","modified_gmt":"2026-01-01T16:31:11","slug":"karim-diop-a-marseille-loffre-est-envoyee","status":"publish","type":"post","link":"https:\/\/www.europesays.com\/fr\/634521\/","title":{"rendered":"Karim Diop \u00e0 Marseille, l\u2019offre est envoy\u00e9e !"},"content":{"rendered":"<p><b>Tr\u00e8s actif dans le <a href=\"https:\/\/www.foot01.com\/mercato\" title=\"Mercato\" target=\"_blank\" rel=\"noopener\">mercato<\/a> des jeunes joueurs en post-formation (Nadir, Bakola, Vaz), l\u2019OM a identifi\u00e9 sa nouvelle cible en Italie. Le club phoc\u00e9en est tr\u00e8s int\u00e9ress\u00e9 par Karim Diop, l\u2019espoir italien de la Sampdoria.<\/b>Le mercato hivernal promet d\u2019\u00eatre mouvement\u00e9 \u00e0 l\u2019Olympique de Marseille. <a href=\"https:\/\/www.foot01.com\/marseille\/lom-valide-deux-enormes-departs-stupeur-totale\" target=\"_self\" rel=\"noopener\">Le club phoc\u00e9en se pr\u00e9pare \u00e0 se faire attaquer pour ses p\u00e9pites<\/a> Robinio Vaz et Darry Bakola. Les deux joueurs de 19 ans, qui ont pourtant la confiance de Roberto De Zerbi cette saison, refusent de prolonger leur contrat qui expire respectivement en 2028 et en 2027. Une situation que Pablo Longoria et Medhi Benatia traitent sans paniquer, avec la ferme intention de vendre les deux joueurs pour plus de 20 millions d\u2019euros chacun s\u2019ils refusent de prolonger.Un int\u00e9r\u00eat concret de l&rsquo;OM pour Karim Diop<\/p>\n<p>Dans le m\u00eame temps, l\u2019OM scrute le march\u00e9 europ\u00e9en pour d\u00e9nicher les p\u00e9pites de demain. Et selon la presse italienne, le profil de Karim Diop a \u00e9t\u00e9 identifi\u00e9 par l\u2019\u00e9tat-major de l\u2019Olympique de Marseille. A en croire les informations relay\u00e9es par Sampdorianews, l\u2019\u00e9tat-major phoc\u00e9en est tr\u00e8s int\u00e9ress\u00e9 par le d\u00e9fenseur de 16 ans, qui a fait ses d\u00e9buts en Primavera \u00e0 seulement 15 ans et 5 mois.<\/p>\n<p>\u00ab Le physique imposant et la maturit\u00e9 d\u00e9fensive de ce d\u00e9fenseur n\u00e9 en 2009 ont fortement impressionn\u00e9 le club fran\u00e7ais\u00a0\u00bb ajoute le m\u00e9dia sp\u00e9cialis\u00e9, qui explique par ailleurs que l\u2019Olympique de Marseille a l\u2019intention de passer \u00e0 l\u2019offensive d\u00e8s le d\u00e9but du mercato d\u2019hiver pour tenter de doubler la concurrence, tr\u00e8s pr\u00e9sente sur ce dossier notamment en Italie. Le Genoa a notamment tent\u00e9 de recruter Karim Diop, en fin de contrat avec la Sampdoria en juin 2026. Mais le club entra\u00een\u00e9 par Daniele De Rossi avait \u00e9t\u00e9 repouss\u00e9 l\u2019\u00e9t\u00e9 dernier puisque la Sampdoria esp\u00e8re encore convaincre Karim Diop de prolonger.<\/p>\n<p>Six mois plus tard, ce n\u2019est toujours pas le cas et l\u2019OM souhaite en profiter pour frapper un grand coup dans sa qu\u00eate de joueurs \u00e0 d\u00e9velopper dans le but de r\u00e9aliser ensuite une forte plus-value comme ce pourrait \u00eatre le cas avec Darryl Bakola et Robinio Vaz. De son c\u00f4t\u00e9, le joueur pourrait voir d\u2019un tr\u00e8s bon oeil la possibilit\u00e9 de rejoindre un entra\u00eeneur tel que Roberto De Zerbi, r\u00e9put\u00e9 utiliser massivement les jeunes, y compris dans les grands matchs de <a href=\"https:\/\/www.foot01.com\/ligue1\" title=\"Ligue 1\" target=\"_blank\" rel=\"noopener\">Ligue 1<\/a> ou de Ligue des Champions.<\/p>\n","protected":false},"excerpt":{"rendered":"Tr\u00e8s actif dans le mercato des jeunes joueurs en post-formation (Nadir, Bakola, Vaz), l\u2019OM a identifi\u00e9 sa nouvelle&hellip;\n","protected":false},"author":2,"featured_media":634522,"comment_status":"","ping_status":"","sticky":false,"template":"","format":"standard","meta":{"footnotes":""},"categories":[2814],"tags":[1111,11,8936,1777,674,1011,27,66,884,1434,12,149,882,25],"class_list":{"0":"post-634521","1":"post","2":"type-post","3":"status-publish","4":"format-standard","5":"has-post-thumbnail","7":"category-marseille","8":"tag-actu","9":"tag-actualites","10":"tag-breaking-news","11":"tag-eu","12":"tag-europe","13":"tag-fr","14":"tag-france","15":"tag-ligue-1","16":"tag-marseille","17":"tag-mercato","18":"tag-news","19":"tag-om","20":"tag-provence-alpes-cote-dazur","21":"tag-republique-francaise"},"share_on_mastodon":{"url":"https:\/\/pubeurope.com\/@fr\/115820801818784682","error":""},"_links":{"self":[{"href":"https:\/\/www.europesays.com\/fr\/wp-json\/wp\/v2\/posts\/634521","targetHints":{"allow":["GET"]}}],"collection":[{"href":"https:\/\/www.europesays.com\/fr\/wp-json\/wp\/v2\/posts"}],"about":[{"href":"https:\/\/www.europesays.com\/fr\/wp-json\/wp\/v2\/types\/post"}],"author":[{"embeddable":true,"href":"https:\/\/www.europesays.com\/fr\/wp-json\/wp\/v2\/users\/2"}],"replies":[{"embeddable":true,"href":"https:\/\/www.europesays.com\/fr\/wp-json\/wp\/v2\/comments?post=634521"}],"version-history":[{"count":0,"href":"https:\/\/www.europesays.com\/fr\/wp-json\/wp\/v2\/posts\/634521\/revisions"}],"wp:featuredmedia":[{"embeddable":true,"href":"https:\/\/www.europesays.com\/fr\/wp-json\/wp\/v2\/media\/634522"}],"wp:attachment":[{"href":"https:\/\/www.europesays.com\/fr\/wp-json\/wp\/v2\/media?parent=634521"}],"wp:term":[{"taxonomy":"category","embeddable":true,"href":"https:\/\/www.europesays.com\/fr\/wp-json\/wp\/v2\/categories?post=634521"},{"taxonomy":"post_tag","embeddable":true,"href":"https:\/\/www.europesays.com\/fr\/wp-json\/wp\/v2\/tags?post=634521"}],"curies":[{"name":"wp","href":"https:\/\/api.w.org\/{rel}","templated":true}]}}