{"id":634542,"date":"2026-01-01T16:43:11","date_gmt":"2026-01-01T16:43:11","guid":{"rendered":"https:\/\/www.europesays.com\/fr\/634542\/"},"modified":"2026-01-01T16:43:11","modified_gmt":"2026-01-01T16:43:11","slug":"le-royaume-uni-charge-danalyser-la-boite-noire","status":"publish","type":"post","link":"https:\/\/www.europesays.com\/fr\/634542\/","title":{"rendered":"le Royaume-Uni charg\u00e9 d\u2019analyser la bo\u00eete noire"},"content":{"rendered":"<p class=\"intro \">Le gouvernement libyen a annonc\u00e9 que Londres m\u00e8nera l\u2019analyse de la bo\u00eete noire de l\u2019appareil militaire qui s\u2019est \u00e9cras\u00e9 le 23 d\u00e9cembre en Turquie, faisant huit morts dont le chef d\u2019\u00e9tat-major libyen Mohamed al-Haddad. Cette d\u00e9cision s\u2019inscrit dans le cadre d\u2019une coop\u00e9ration libyo-turque avec un appui technique international.<\/p>\n<p>Le gouvernement libyen a annonc\u00e9 ce jeudi 1er janvier que le <a href=\"https:\/\/www.europe1.fr\/dossiers\/royaume-uni\" target=\"_blank\" rel=\"noopener\">Royaume-Uni<\/a> avait accept\u00e9 de proc\u00e9der \u00e0 l\u2019analyse de la bo\u00eete noire de l\u2019avion militaire qui s\u2019est \u00e9cras\u00e9 en Turquie le 23 d\u00e9cembre 2025, provoquant la mort de huit personnes, dont le chef d\u2019\u00e9tat-major libyen.<\/p>\n<p>    La suite apr\u00e8s cette publicit\u00e9<\/p>\n<p>    La suite apr\u00e8s cette publicit\u00e9<\/p>\n<p>L\u2019appareil transportait le g\u00e9n\u00e9ral Mohamed al-Haddad, figure particuli\u00e8rement respect\u00e9e en <a href=\"https:\/\/www.europe1.fr\/dossiers\/libye\" target=\"_blank\" rel=\"noopener\">Libye<\/a>, qui avait r\u00e9ussi \u00e0 faire consensus malgr\u00e9 les profondes divisions politiques entre l\u2019est et l\u2019ouest du pays. Quatre de ses proches collaborateurs ainsi que trois membres d\u2019\u00e9quipage ont \u00e9galement p\u00e9ri dans l\u2019accident, survenu peu apr\u00e8s le d\u00e9collage, \u00e0 l\u2019issue d\u2019une visite officielle \u00e0 Ankara.<\/p>\n<p>Deux fran\u00e7ais morts dans le crash<\/p>\n<p>Lors d\u2019une conf\u00e9rence de presse \u00e0 Tripoli, le ministre libyen des Transports, Mohamed al-Chahoubi, a indiqu\u00e9 que Tripoli avait men\u00e9 des discussions directes avec Londres afin de confier l\u2019examen des enregistreurs de vol \u00e0 des experts britanniques. Les autorit\u00e9s turques ont pour leur part \u00e9voqu\u00e9 une d\u00e9faillance \u00e9lectrique comme cause probable du crash.<\/p>\n<p>    La suite apr\u00e8s cette publicit\u00e9<\/p>\n<p>    La suite apr\u00e8s cette publicit\u00e9<\/p>\n<p>Selon le ministre, une premi\u00e8re sollicitation avait \u00e9t\u00e9 adress\u00e9e \u00e0 l\u2019Allemagne, laquelle avait demand\u00e9 l\u2019implication de la France. Cette option a toutefois \u00e9t\u00e9 \u00e9cart\u00e9e au regard de la Convention de Chicago, qui impose que l\u2019analyse de la bo\u00eete noire soit men\u00e9e par un \u00c9tat neutre.\u00a0<\/p>\n<p>La France, en tant que pays constructeur de l\u2019appareil, un Falcon 50, et en raison de la pr\u00e9sence de ressortissants fran\u00e7ais parmi l\u2019\u00e9quipage, ne pouvait \u00eatre retenue. Le Royaume-Uni a en revanche obtenu l\u2019accord conjoint de la Libye et de la Turquie. Deux citoyens fran\u00e7ais figuraient en effet parmi les membres d\u2019\u00e9quipage de l\u2019avion.<\/p>\n<p>    La suite apr\u00e8s cette publicit\u00e9<\/p>\n<p>    La suite apr\u00e8s cette publicit\u00e9<\/p>\n<p>Une enqu\u00eate sous coop\u00e9ration libyo-turque<\/p>\n<p>Le ministre libyen des Affaires \u00e9trang\u00e8res, Taher al-Baour, avait confirm\u00e9 mardi l\u2019existence d\u2019une demande conjointe adress\u00e9e \u00e0 Londres par Tripoli et Ankara, visant \u00e0 obtenir un appui technique et juridique pour l\u2019exploitation des donn\u00e9es de la bo\u00eete noire. Le Royaume-Uni a donn\u00e9 son feu vert en coordination avec les autorit\u00e9s libyennes et turques.<\/p>\n<p>Aucune estimation de d\u00e9lai n\u2019a pour l\u2019instant \u00e9t\u00e9 avanc\u00e9e concernant l\u2019analyse des enregistrements, celle-ci d\u00e9pendant de l\u2019\u00e9tat de conservation de la bo\u00eete noire. L\u2019enqu\u00eate se poursuit dans le cadre d\u2019une coop\u00e9ration entre la Libye et la Turquie, avec la participation d\u2019experts internationaux. Les conclusions seront rendues publiques d\u00e8s qu\u2019elles seront \u00e9tablies.<\/p>\n","protected":false},"excerpt":{"rendered":"Le gouvernement libyen a annonc\u00e9 que Londres m\u00e8nera l\u2019analyse de la bo\u00eete noire de l\u2019appareil militaire qui s\u2019est&hellip;\n","protected":false},"author":2,"featured_media":634543,"comment_status":"","ping_status":"","sticky":false,"template":"","format":"standard","meta":{"footnotes":""},"categories":[1588],"tags":[11,1777,674,12,473,1853,1851,1850,1852],"class_list":{"0":"post-634542","1":"post","2":"type-post","3":"status-publish","4":"format-standard","5":"has-post-thumbnail","7":"category-royaume-uni","8":"tag-actualites","9":"tag-eu","10":"tag-europe","11":"tag-news","12":"tag-royaume-uni","13":"tag-royaume-uni-de-grande-bretagne-et-dirlande-du-nord","14":"tag-uk","15":"tag-united-kingdom","16":"tag-united-kingdom-of-great-britain-and-northern-ireland"},"share_on_mastodon":{"url":"https:\/\/pubeurope.com\/@fr\/115820849836398874","error":""},"_links":{"self":[{"href":"https:\/\/www.europesays.com\/fr\/wp-json\/wp\/v2\/posts\/634542","targetHints":{"allow":["GET"]}}],"collection":[{"href":"https:\/\/www.europesays.com\/fr\/wp-json\/wp\/v2\/posts"}],"about":[{"href":"https:\/\/www.europesays.com\/fr\/wp-json\/wp\/v2\/types\/post"}],"author":[{"embeddable":true,"href":"https:\/\/www.europesays.com\/fr\/wp-json\/wp\/v2\/users\/2"}],"replies":[{"embeddable":true,"href":"https:\/\/www.europesays.com\/fr\/wp-json\/wp\/v2\/comments?post=634542"}],"version-history":[{"count":0,"href":"https:\/\/www.europesays.com\/fr\/wp-json\/wp\/v2\/posts\/634542\/revisions"}],"wp:featuredmedia":[{"embeddable":true,"href":"https:\/\/www.europesays.com\/fr\/wp-json\/wp\/v2\/media\/634543"}],"wp:attachment":[{"href":"https:\/\/www.europesays.com\/fr\/wp-json\/wp\/v2\/media?parent=634542"}],"wp:term":[{"taxonomy":"category","embeddable":true,"href":"https:\/\/www.europesays.com\/fr\/wp-json\/wp\/v2\/categories?post=634542"},{"taxonomy":"post_tag","embeddable":true,"href":"https:\/\/www.europesays.com\/fr\/wp-json\/wp\/v2\/tags?post=634542"}],"curies":[{"name":"wp","href":"https:\/\/api.w.org\/{rel}","templated":true}]}}