{"id":634564,"date":"2026-01-01T16:59:11","date_gmt":"2026-01-01T16:59:11","guid":{"rendered":"https:\/\/www.europesays.com\/fr\/634564\/"},"modified":"2026-01-01T16:59:11","modified_gmt":"2026-01-01T16:59:11","slug":"cest-ma-deuxieme-maison-loin-de-paris-benjamin-duhamel-tres-attache-a-cette-region-ou-il-a-ses-racines","status":"publish","type":"post","link":"https:\/\/www.europesays.com\/fr\/634564\/","title":{"rendered":"\u00ab\u00a0C&rsquo;est ma deuxi\u00e8me maison\u00a0\u00bb : Loin de Paris, Benjamin Duhamel tr\u00e8s attach\u00e9 \u00e0 cette r\u00e9gion o\u00f9 il a ses racines"},"content":{"rendered":"<p>                <img loading=\"lazy\" decoding=\"async\" src=\"https:\/\/www.europesays.com\/fr\/wp-content\/uploads\/2025\/04\/67-60dc2d2db82b7-35x35-1.jpg\" class=\"author-article-picture\" width=\"35\" height=\"35\"\/><\/p>\n<p>                    Par<\/p>\n<p>                                            <a class=\"author-article-bio-link\" href=\"https:\/\/www.purepeople.com\/auteur\/hiba-semali_a67\" target=\"_blank\" rel=\"noopener\">Hiba Semali<\/a><\/p>\n<p>                    |<\/p>\n<p>                                            R\u00e9dactrice<\/p>\n<p>\n                Rattach\u00e9e \u00e0 la rubrique t\u00e9l\u00e9, Hiba Semali se consacre au petit \u00e9cran. The Voice, Koh-Lanta, Top Chef, Secret Story, Star Academy ou encore Les Marseillais n&rsquo;ont aucun secret pour elle.\n            <\/p>\n<p>\n    L&rsquo;ann\u00e9e 2025 a \u00e9t\u00e9 synonyme de changement pour Benjamin Duhamel : il a quitt\u00e9 BFMTV pour France Inter. Mais s&rsquo;il y a bien une chose immuable, c&rsquo;est son attachement sans faille \u00e0 ses racines, \u00e0 plus de 200 kilom\u00e8tres de Paris.\n<\/p>\n<p>                            <img loading=\"lazy\" decoding=\"async\" class=\"player-thumbnail\" src=\"https:\/\/www.europesays.com\/fr\/wp-content\/uploads\/2026\/01\/eb3959b1c4032e9b-580x326-2.jpg\" width=\"580\" height=\"326\"\/><\/p>\n<p>                            \u00ab\u00a0C&rsquo;est ma deuxi\u00e8me maison\u00a0\u00bb : Loin de Paris, Benjamin Duhamel tr\u00e8s attach\u00e9 \u00e0 cette r\u00e9gion o\u00f9 il a ses racines<\/p>\n<p>La suite apr\u00e8s la publicit\u00e9<\/p>\n<p>A tout juste 31 ans, <a href=\"https:\/\/www.purepeople.com\/people\/benjamin-duhamel_p555018\" target=\"_blank\" rel=\"noopener\"><strong>Benjamin Duhamel<\/strong><\/a> est une figure incontournable des m\u00e9dias. Il officiait sur BFMTV avant de finalement quitter <a href=\"https:\/\/www.purepeople.com\/article\/apres-bfmtv-et-rmc-rodolphe-saade-met-la-main-sur-un-autre-media-incontournable-lascension-du-milliardaire-continue_a542426\/1\" target=\"_blank\" rel=\"noopener\">la cha\u00eene rachet\u00e9e par le milliardaire Rodolphe Saad\u00e9<\/a> pour <a href=\"https:\/\/www.purepeople.com\/article\/benjamin-duhamel-figure-phare-de-bfmtv-rejoint-la-matinale-de-france-inter-je-suis-tres-heureux-et-enthousiaste_a538812\/1\" target=\"_blank\" rel=\"noopener\">rejoindre la matinale de France Inter<\/a>. Et dans la famille, il n&rsquo;est pas la seule figure connue. Tout d&rsquo;abord, <a href=\"https:\/\/www.purepeople.com\/article\/benjamin-duhamel-en-couple-avec-agathe-lambret-il-explique-quelle-particularite-physique-de-sa-compagne-la-seduit_a542628\/1\" target=\"_blank\" rel=\"noopener\">il partage la vie d&rsquo;Agathe Lambret<\/a>, charg\u00e9e de l&rsquo;interview politique de France Info. Aussi, Benjamin Duhamel est issu d&rsquo;une lign\u00e9e bien connue : <a href=\"https:\/\/www.purepeople.com\/article\/apres-le-depart-dalain-duhamel-de-bfmtv-une-figure-bien-connue-de-tous-pour-le-remplacer_a541682\/1\" target=\"_blank\" rel=\"noopener\">son oncle Alain est lui aussi journaliste<\/a>, son p\u00e8re Patrice est l&rsquo;ancien directeur g\u00e9n\u00e9ral de France T\u00e9l\u00e9visions et <a href=\"https:\/\/www.purepeople.com\/article\/france-televisions-nathalie-saint-cricq-obtient-une-belle-promotion-la-mere-de-benjamin-duhamel-a-de-quoi-le-rendre-fier_a535870\/1\" target=\"_blank\" rel=\"noopener\">sa m\u00e8re n&rsquo;est autre que Nathalie de Saint-Cricq<\/a>, nomm\u00e9e directrice de la r\u00e9daction nationale de France T\u00e9l\u00e9visions en mars dernier.\u00a0<\/p>\n<p>L&rsquo;essentiel de son travail est \u00e0 Paris. Mais Benjamin Duhamel reste tout de m\u00eame tr\u00e8s attach\u00e9 \u00e0 ses racines \u00e0 plus de 200 kilom\u00e8tres de la capitale. Car, rappelons-le, sa c\u00e9l\u00e8bre m\u00e8re est n\u00e9e \u00e0 Tours. Et le journaliste y retourne d\u00e8s que l&rsquo;occasion se pr\u00e9sente. Il faut dire que sur place, c&rsquo;est tout un tas de souvenirs qu&rsquo;il garde. Comme le rapportaient nos confr\u00e8res de La Nouvelle R\u00e9publique en d\u00e9cembre 2024, Benjamin Duhamel \u00e9tait de passage en Touraine. Venu expliquer le travail fourni par BFMTV, o\u00f9 il officiait \u00e0 l&rsquo;\u00e9poque, il en avait alors profit\u00e9 pour partager tout son amour pour la ville.<\/p>\n<p>Benjamin Duhamel : Ses souvenirs d&rsquo;enfance \u00e0 Tours grav\u00e9s en lui pour toujours<\/p>\n<p>\u00a0<\/p>\n<p>\u00ab\u00a0J\u2019ai \u00e9t\u00e9 \u00e9mu en arrivant \u00e0 la gare de Saint-Pierre-des-Corps\u00a0\u00bb, a-t-il avou\u00e9. Car il y a une belle histoire derri\u00e8re : \u00ab\u00a0<strong>C\u2019est l\u00e0 que mes grands-parents venaient me chercher g\u00e9n\u00e9ralement quand, enfant, je venais en Touraine<\/strong>.\u00a0\u00bb Une r\u00e9f\u00e9rence \u00e0 Mireille et Jacques de Saint-Cricq, ses grands-parents maternels d\u00e9c\u00e9d\u00e9s en 2021 \u00e0 quelques heures d&rsquo;intervalle et qui \u00e9taient des \u00ab\u00a0figures tourangelles\u00a0\u00bb, comme le pr\u00e9cisent nos confr\u00e8res. \u00ab\u00a0Il y avait la maison o\u00f9 je passais des \u00e9t\u00e9s chez eux. Et les halles de Tours, le jardin des Pr\u00e9bendes o\u00f9 je me promenais avec eux, la place Jean Meunier, du nom de mon arri\u00e8re-grand-p\u00e8re. J\u2019ai pass\u00e9 des No\u00ebls \u00e0 Tours. <strong>La Touraine, c\u2019est ma deuxi\u00e8me maison<\/strong>\u00ab\u00a0, a ajout\u00e9 <a href=\"https:\/\/www.purepeople.com\/article\/sur-france-inter-vanessa-paradis-previent-benjamin-duhamel-qui-saventure-sur-un-terrain-glissant-avec-elle_a542138\/1\" target=\"_blank\" rel=\"noopener\">Benjamin Duhamel, qui avait interview\u00e9 Vanessa Paradis<\/a>. Et de conclure : \u00ab\u00a0Mes grands-parents \u00e9taient tr\u00e8s bienveillants.\u00a0\u00bb Une certaine douceur qu&rsquo;il associe alors \u00e0 la r\u00e9gion.<\/p>\n","protected":false},"excerpt":{"rendered":"Par Hiba Semali | R\u00e9dactrice Rattach\u00e9e \u00e0 la rubrique t\u00e9l\u00e9, Hiba Semali se consacre au petit \u00e9cran. The&hellip;\n","protected":false},"author":2,"featured_media":634565,"comment_status":"","ping_status":"","sticky":false,"template":"","format":"standard","meta":{"footnotes":""},"categories":[1359],"tags":[58,59,1011,27,973],"class_list":{"0":"post-634564","1":"post","2":"type-post","3":"status-publish","4":"format-standard","5":"has-post-thumbnail","7":"category-people","8":"tag-divertissement","9":"tag-entertainment","10":"tag-fr","11":"tag-france","12":"tag-people"},"share_on_mastodon":{"url":"https:\/\/pubeurope.com\/@fr\/115820913155587934","error":""},"_links":{"self":[{"href":"https:\/\/www.europesays.com\/fr\/wp-json\/wp\/v2\/posts\/634564","targetHints":{"allow":["GET"]}}],"collection":[{"href":"https:\/\/www.europesays.com\/fr\/wp-json\/wp\/v2\/posts"}],"about":[{"href":"https:\/\/www.europesays.com\/fr\/wp-json\/wp\/v2\/types\/post"}],"author":[{"embeddable":true,"href":"https:\/\/www.europesays.com\/fr\/wp-json\/wp\/v2\/users\/2"}],"replies":[{"embeddable":true,"href":"https:\/\/www.europesays.com\/fr\/wp-json\/wp\/v2\/comments?post=634564"}],"version-history":[{"count":0,"href":"https:\/\/www.europesays.com\/fr\/wp-json\/wp\/v2\/posts\/634564\/revisions"}],"wp:featuredmedia":[{"embeddable":true,"href":"https:\/\/www.europesays.com\/fr\/wp-json\/wp\/v2\/media\/634565"}],"wp:attachment":[{"href":"https:\/\/www.europesays.com\/fr\/wp-json\/wp\/v2\/media?parent=634564"}],"wp:term":[{"taxonomy":"category","embeddable":true,"href":"https:\/\/www.europesays.com\/fr\/wp-json\/wp\/v2\/categories?post=634564"},{"taxonomy":"post_tag","embeddable":true,"href":"https:\/\/www.europesays.com\/fr\/wp-json\/wp\/v2\/tags?post=634564"}],"curies":[{"name":"wp","href":"https:\/\/api.w.org\/{rel}","templated":true}]}}