{"id":634574,"date":"2026-01-01T17:05:12","date_gmt":"2026-01-01T17:05:12","guid":{"rendered":"https:\/\/www.europesays.com\/fr\/634574\/"},"modified":"2026-01-01T17:05:12","modified_gmt":"2026-01-01T17:05:12","slug":"lepidemie-de-grippe-continue-de-sintensifier-les-hopitaux-sous-pression-maximale","status":"publish","type":"post","link":"https:\/\/www.europesays.com\/fr\/634574\/","title":{"rendered":"L\u2019\u00e9pid\u00e9mie de grippe continue de s\u2019intensifier, les h\u00f4pitaux sous pression maximale"},"content":{"rendered":"<p>        <img decoding=\"async\" loading=\"lazy\" src=\"https:\/\/www.europesays.com\/fr\/wp-content\/uploads\/2026\/01\/2c851ee_sirius-fs-upload-1-lagcv9rweypo-1736516592223-gettyimages-1369685896-1.jpg\"  width=\"728\" height=\"409\" alt=\"L\u2019\u00e9pid\u00e9mie de grippe poursuit sa progression en France, touchant tous les \u00e2ges, explique l\u2019agence Sant\u00e9 publique France, ce mercredi 31\u00a0d\u00e9cembre.\"\/>  <\/p>\n<p>d3sign \/ Getty Images<\/p>\n<p>L\u2019\u00e9pid\u00e9mie de grippe poursuit sa progression en France, touchant tous les \u00e2ges, explique l\u2019agence Sant\u00e9 publique France, ce mercredi 31\u00a0d\u00e9cembre.<\/p>\n<p class=\"asset asset-text\">Pas de r\u00e9pit pour la Saint-Sylvestre. <a href=\"https:\/\/www.huffingtonpost.fr\/sante\/article\/face-au-pic-de-l-epidemie-de-grippe-il-est-encore-temps-de-se-faire-vacciner-rappelle-la-ministre-de-la-sante_258630.html\" target=\"_blank\" rel=\"noopener\">L\u2019\u00e9pid\u00e9mie de grippe<\/a> poursuit sa progression en France, touchant tous les \u00e2ges, avec un niveau d\u2019intensit\u00e9 qui augmente \u00e0 l\u2019<a href=\"https:\/\/www.huffingtonpost.fr\/sante\/article\/ces-projections-sur-l-impact-de-la-grippe-sur-les-hopitaux-a-noel-ne-sont-pas-rassurantes_258364.html\" target=\"_blank\" rel=\"noopener\">h\u00f4pital<\/a>, a annonc\u00e9 ce mercredi 31\u00a0d\u00e9cembre Sant\u00e9 publique France (SpF). En ville, l\u2019augmentation des cas est n\u00e9anmoins \u00ab\u00a0mod\u00e9r\u00e9e\u00a0\u00bb.<\/p>\n<p class=\"asset asset-text\">Lors de la semaine achev\u00e9e le 28\u00a0d\u00e9cembre, la grippe a progress\u00e9 \u00ab\u00a0dans l\u2019ensemble des r\u00e9gions, toutes en \u00e9pid\u00e9mie\u00a0\u00bb, sauf La R\u00e9union, a pr\u00e9cis\u00e9 l\u2019agence sanitaire dans son point hebdomadaire.<\/p>\n<p class=\"asset asset-text\">Cette aggravation de l\u2019\u00e9pid\u00e9mie a entra\u00een\u00e9 une activit\u00e9 \u00ab\u00a0d\u2019intensit\u00e9 \u00e9lev\u00e9e\u00a0\u00bb \u00e0 l\u2019h\u00f4pital avec 18\u00a0552 passages aux urgences (soit 5,2\u00a0% du total, contre 4\u00a0% la semaine d\u2019avant), notamment pour prendre en charge des enfants de moins de 15\u00a0ans et des personnes de plus de 65\u00a0ans. La grippe a \u00e9t\u00e9 \u00e0 l\u2019origine de 3\u00a0606 hospitalisations (soit 4,8\u00a0% de l\u2019ensemble, contre 3,4\u00a0% la semaine pr\u00e9c\u00e9dente).<\/p>\n<p>    Petite hausse des d\u00e9c\u00e8s    <\/p>\n<p class=\"asset asset-text\">En ville, l\u2019\u00e9pid\u00e9mie grippale est en revanche globalement \u00ab\u00a0mod\u00e9r\u00e9e\u00a0\u00bb, avec des \u00e9volutions divergentes selon l\u2019\u00e2ge. Elle reflue chez les moins de 15\u00a0ans, \u00ab\u00a0probablement en lien avec la p\u00e9riode de cong\u00e9s scolaires\u00a0\u00bb, qui r\u00e9duit les brassages, mais reste \u00e0 un niveau d\u2019\u00ab\u00a0intensit\u00e9 \u00e9lev\u00e9e\u00a0\u00bb chez les 65\u00a0ans et plus, selon SpF.<\/p>\n<p class=\"asset asset-text\">Apr\u00e8s une saison 2024-2025 s\u00e9v\u00e8re en mati\u00e8re de mortalit\u00e9 &#8211; plus de 17\u00a0000 d\u00e9c\u00e8s -, l\u2019agence sanitaire note une petite hausse du nombre de d\u00e9c\u00e8s d\u00e9clar\u00e9s par certificat \u00e9lectronique faisant mention de la grippe\u00a0: 4,1\u00a0% (contre 2,7\u00a0% la semaine pr\u00e9c\u00e9dente), proche du niveau des m\u00eames jours l\u2019an dernier (3,9\u00a0%).<\/p>\n<p class=\"asset asset-text\">Ces d\u00e9c\u00e8s, dans neuf cas sur dix, concernent des personnes \u00e2g\u00e9es de 65\u00a0ans et plus, dont la couverture vaccinale \u00e9tait de 44,2\u00a0% au 30\u00a0novembre contre 40,5\u00a0% \u00e0 la m\u00eame p\u00e9riode l\u2019an dernier.<\/p>\n<p>    Le pic atteint\u00a0?    <\/p>\n<p class=\"asset asset-text\">\u00ab\u00a0Il est probable que le recours aux soins pour grippe commence \u00e0 diminuer dans les prochaines semaines dans la plupart des r\u00e9gions hexagonales, tout en restant \u00e0 un niveau \u00e9lev\u00e9\u00a0\u00bb, juge l\u2019Institut Pasteur dans des mod\u00e9lisations hebdomadaires.<\/p>\n<p class=\"asset asset-text\">L\u2019Institut estime ainsi que l\u2019\u00e9pid\u00e9mie pourrait avoir atteint son pic au cours de la derni\u00e8re semaine de 2025 &#8211; le recul n\u2019est pas suffisant pour le dire \u00e0 ce stade -, \u00ab\u00a0avec une probabilit\u00e9 sup\u00e9rieure ou \u00e9gale \u00e0 50\u00a0%\u00a0\u00bb. Mais \u00ab\u00a0la possibilit\u00e9 d\u2019une reprise de l\u2019\u00e9pid\u00e9mie apr\u00e8s les vacances de No\u00ebl, ou plus tard dans la saison hivernale, ne peut \u00eatre exclue \u00e0 ce stade\u00a0\u00bb, pr\u00e9vient l\u2019Institut Pasteur.<\/p>\n<p class=\"asset asset-text\">De son c\u00f4t\u00e9, l\u2019\u00e9pid\u00e9mie de bronchiolite se poursuit dans l\u2019Hexagone et a atteint la Corse. Mais le nombre de passages aux urgences a diminu\u00e9 et celui des hospitalisations est stable, par rapport \u00e0 la semaine pr\u00e9c\u00e9dente.<\/p>\n","protected":false},"excerpt":{"rendered":"d3sign \/ Getty Images L\u2019\u00e9pid\u00e9mie de grippe poursuit sa progression en France, touchant tous les \u00e2ges, explique l\u2019agence&hellip;\n","protected":false},"author":2,"featured_media":634575,"comment_status":"","ping_status":"","sticky":false,"template":"","format":"standard","meta":{"footnotes":""},"categories":[10],"tags":[1011,27,29786,72,100,71],"class_list":{"0":"post-634574","1":"post","2":"type-post","3":"status-publish","4":"format-standard","5":"has-post-thumbnail","7":"category-sante","8":"tag-fr","9":"tag-france","10":"tag-grippe","11":"tag-health","12":"tag-hopital","13":"tag-sante"},"share_on_mastodon":{"url":"https:\/\/pubeurope.com\/@fr\/115820935646497748","error":""},"_links":{"self":[{"href":"https:\/\/www.europesays.com\/fr\/wp-json\/wp\/v2\/posts\/634574","targetHints":{"allow":["GET"]}}],"collection":[{"href":"https:\/\/www.europesays.com\/fr\/wp-json\/wp\/v2\/posts"}],"about":[{"href":"https:\/\/www.europesays.com\/fr\/wp-json\/wp\/v2\/types\/post"}],"author":[{"embeddable":true,"href":"https:\/\/www.europesays.com\/fr\/wp-json\/wp\/v2\/users\/2"}],"replies":[{"embeddable":true,"href":"https:\/\/www.europesays.com\/fr\/wp-json\/wp\/v2\/comments?post=634574"}],"version-history":[{"count":0,"href":"https:\/\/www.europesays.com\/fr\/wp-json\/wp\/v2\/posts\/634574\/revisions"}],"wp:featuredmedia":[{"embeddable":true,"href":"https:\/\/www.europesays.com\/fr\/wp-json\/wp\/v2\/media\/634575"}],"wp:attachment":[{"href":"https:\/\/www.europesays.com\/fr\/wp-json\/wp\/v2\/media?parent=634574"}],"wp:term":[{"taxonomy":"category","embeddable":true,"href":"https:\/\/www.europesays.com\/fr\/wp-json\/wp\/v2\/categories?post=634574"},{"taxonomy":"post_tag","embeddable":true,"href":"https:\/\/www.europesays.com\/fr\/wp-json\/wp\/v2\/tags?post=634574"}],"curies":[{"name":"wp","href":"https:\/\/api.w.org\/{rel}","templated":true}]}}