{"id":634578,"date":"2026-01-01T17:07:10","date_gmt":"2026-01-01T17:07:10","guid":{"rendered":"https:\/\/www.europesays.com\/fr\/634578\/"},"modified":"2026-01-01T17:07:10","modified_gmt":"2026-01-01T17:07:10","slug":"nouvelle-tentative-de-cambriolage-chez-vitaa-qui-evoque-sa-terreur-et-sa-tristesse","status":"publish","type":"post","link":"https:\/\/www.europesays.com\/fr\/634578\/","title":{"rendered":"Nouvelle tentative de cambriolage chez Vitaa, qui \u00e9voque sa \u00ab\u00a0terreur\u00a0\u00bb et sa \u00ab\u00a0tristesse\u00a0\u00bb"},"content":{"rendered":"<p>Une fin d\u2019ann\u00e9e sous le signe de la peur pour <a href=\"https:\/\/www.20minutes.fr\/arts-stars\/people\/4187503-20251124-vitaa-va-mettre-fin-carriere-repond-rumeurs\" class=\"c-link c-link--is-underlined\" target=\"_blank\" rel=\"noopener\">Vitaa<\/a>. La chanteuse a confi\u00e9, sur les r\u00e9seaux sociaux, avoir \u00e9t\u00e9 victime d\u2019une tentative de <a href=\"https:\/\/www.20minutes.fr\/justice\/4193334-20251227-paris-deux-femmes-origine-cambriolage-visant-touristes-beaux-quartiers-condamnees\" class=\"c-link c-link--is-underlined\" target=\"_blank\" rel=\"noopener\">cambriolage<\/a>, \u00ab\u00a0la troisi\u00e8me fois en trois ans\u00a0\u00bb. Dans sa publication, elle a aussi partag\u00e9 les images d\u2019une cam\u00e9ra de surveillance, qui montrent tout d\u2019abord trois hommes habill\u00e9s de noir et cagoul\u00e9s marcher \u00e0 petits pas dans sa propri\u00e9t\u00e9. Puis, dans une autre vid\u00e9o, l\u2019un des hommes tomber puis s\u2019enfuir.<\/p>\n<p class=\"mb-m@xs text-l@xs\">En cliquant sur\u00ab J\u2019accepte \u00bb, vous acceptez le d\u00e9p\u00f4t de cookies par des services externes et aurez ainsi acc\u00e8s aux contenus de nos partenaires.<\/p>\n<p class=\"mb-xl@xs text-s@xs\">Plus d\u2019informations sur la page<a href=\"https:\/\/www.20minutes.fr\/gestion-cookies\" class=\"mx-xxs@xs color-ultramarine\" target=\"_blank\" rel=\"noopener\">Politique de gestion des cookies<\/a><\/p>\n<p>J\u2019accepte<\/p>\n<p>Les hommes surpris par une alarme sont repartis bredouilles. \u00ab\u00a0Dieu merci, mon syst\u00e8me, mon \u00e9quipe de s\u00e9curit\u00e9 et les forces de l\u2019ordre ont r\u00e9agi rapidement\u00a0\u00bb, \u00e9crit Vitaa, qui \u00e9voque par ailleurs sa \u00ab\u00a0terreur\u00a0\u00bb.<\/p>\n<p>Un cambriolage et une s\u00e9questration<\/p>\n<p>\u00ab\u00a0Il y a deux ans, j\u2019ai v\u00e9cu l\u2019horreur d\u2019un <a href=\"https:\/\/www.20minutes.fr\/faits_divers\/4181077-20251023-puteaux-auteur-home-jacking-condamne\" class=\"c-link c-link--is-underlined\" target=\"_blank\" rel=\"noopener\">home-jacking<\/a> et d\u2019une s\u00e9questration\u00a0\u00bb, se souvient-elle. \u00ab\u00a0Ce matin, r\u00e9veill\u00e9e par la terreur, tous mes sentiments ont refait surface. Quelle tristesse de ne pas se sentir en s\u00e9curit\u00e9 chez soi, dans son propre pays.\u00a0\u00bb L\u2019artiste se dit par ailleurs \u00ab\u00a0inqui\u00e8te pour [s] es enfants, leur s\u00e9curit\u00e9, leur tranquillit\u00e9, leur avenir\u00a0\u00bb.<\/p>\n<p><a href=\"https:\/\/www.20minutes.fr\/dossier\/cambriolage\" class=\"c-link c-btn c-btn--primary\" target=\"_blank\" rel=\"noopener\">Le dossier Cambriolage<\/a><\/p>\n<p>La propri\u00e9t\u00e9 de l\u2019artiste avait d\u00e9j\u00e0 \u00e9t\u00e9 vis\u00e9e le 20\u00a0d\u00e9cembre 2023, quand des individus s\u2019\u00e9taient introduits dans sa maison de Rueil-Malmaison, dans les Hauts-de-Seine. Ils avaient s\u00e9questr\u00e9 la famille et avaient des bijoux et des sacs de luxe.<\/p>\n","protected":false},"excerpt":{"rendered":"Une fin d\u2019ann\u00e9e sous le signe de la peur pour Vitaa. La chanteuse a confi\u00e9, sur les r\u00e9seaux&hellip;\n","protected":false},"author":2,"featured_media":634579,"comment_status":"","ping_status":"","sticky":false,"template":"","format":"standard","meta":{"footnotes":""},"categories":[8],"tags":[1174,58,59,118,1011,27,3314,662,973],"class_list":{"0":"post-634578","1":"post","2":"type-post","3":"status-publish","4":"format-standard","5":"has-post-thumbnail","7":"category-divertissement","8":"tag-cambriolage","9":"tag-divertissement","10":"tag-entertainment","11":"tag-faits-divers","12":"tag-fr","13":"tag-france","14":"tag-hauts-de-seine","15":"tag-ile-de-france","16":"tag-people"},"share_on_mastodon":{"url":"https:\/\/pubeurope.com\/@fr\/115820943546107638","error":""},"_links":{"self":[{"href":"https:\/\/www.europesays.com\/fr\/wp-json\/wp\/v2\/posts\/634578","targetHints":{"allow":["GET"]}}],"collection":[{"href":"https:\/\/www.europesays.com\/fr\/wp-json\/wp\/v2\/posts"}],"about":[{"href":"https:\/\/www.europesays.com\/fr\/wp-json\/wp\/v2\/types\/post"}],"author":[{"embeddable":true,"href":"https:\/\/www.europesays.com\/fr\/wp-json\/wp\/v2\/users\/2"}],"replies":[{"embeddable":true,"href":"https:\/\/www.europesays.com\/fr\/wp-json\/wp\/v2\/comments?post=634578"}],"version-history":[{"count":0,"href":"https:\/\/www.europesays.com\/fr\/wp-json\/wp\/v2\/posts\/634578\/revisions"}],"wp:featuredmedia":[{"embeddable":true,"href":"https:\/\/www.europesays.com\/fr\/wp-json\/wp\/v2\/media\/634579"}],"wp:attachment":[{"href":"https:\/\/www.europesays.com\/fr\/wp-json\/wp\/v2\/media?parent=634578"}],"wp:term":[{"taxonomy":"category","embeddable":true,"href":"https:\/\/www.europesays.com\/fr\/wp-json\/wp\/v2\/categories?post=634578"},{"taxonomy":"post_tag","embeddable":true,"href":"https:\/\/www.europesays.com\/fr\/wp-json\/wp\/v2\/tags?post=634578"}],"curies":[{"name":"wp","href":"https:\/\/api.w.org\/{rel}","templated":true}]}}